{"id":107710,"date":"2022-06-03T20:25:07","date_gmt":"2022-06-03T23:25:07","guid":{"rendered":"https:\/\/eldiariodesanpedro.com.ar\/sitio\/?p=107710"},"modified":"2022-06-03T20:25:08","modified_gmt":"2022-06-03T23:25:08","slug":"dos-motocicletas-chocaron-en-crucero-general-belgrano-dos-personas-resultaron-heridas","status":"publish","type":"post","link":"https:\/\/eldiariodesanpedro.com.ar\/sitio\/dos-motocicletas-chocaron-en-crucero-general-belgrano-dos-personas-resultaron-heridas\/","title":{"rendered":"Dos motocicletas chocaron en Crucero General Belgrano, dos personas resultaron heridas"},"content":{"rendered":"<!-- VideographyWP Plugin Message: Automatic video embedding prevented by plugin options. -->\n\n<p>Seg\u00fan testigos ambos rodados circulaban en la misma direcci\u00f3n y uno impact\u00f3 desde atr\u00e1s contra el otro. De los tres motociclistas, dos resultaron heridos y trasladados a la guardia del Hospital.<\/p>\n\n\n\n<p>Dos motociclistas resultaron heridos al protagonizar un accidente de tr\u00e1nsito sobre uno de los caminos de acceso a la ciudad.<\/p>\n\n\n\n<p>Sucedi\u00f3 en la tarde del viernes, momentos antes de las 17 horas sobre camino Crucero General Belgrano, a la altura de la estaci\u00f3n de servicios Puma y seg\u00fan testigos el incidente se produjo cuando una de las motos impact\u00f3 la parte trasera de la otra mientras se dirig\u00edan en sentido a la avenida Tres de Febrero.<\/p>\n\n\n\n<p>El accidente fue protagonizado por una moto 125 cc. en la que viajaban dos personas que llevaban sus cascos puestos, y otra moto 110 cc. cuyo conductor no llevaba colocado ning\u00fan elemento de seguridad. Ambos rodados viajaban en la misma direcci\u00f3n y por cuestiones que se desconocen el rodado menor choc\u00f3 al otro cuando se aprestaba a ingresar al comercio.<\/p>\n\n\n\n<p>Como consecuencia del fuerte impacto los tres motociclistas cayeron sobre el asfalto y dos resultaron heridos, una mujer de 30 a\u00f1os que viajaba como acompa\u00f1ante en la moto de mayor cilindrada, y el conductor del otro veh\u00edculo, un hombre de 32 a\u00f1os.<\/p>\n\n\n\n<p>Ambas personas fueron asistidas por el servicio Same y trasladadas a la guardia del Hospital. En principio quien llev\u00f3 la peor parte fue el conductor de la moto 110 quien al no llevar casco sufri\u00f3 traumatismo de cr\u00e1neo.<\/p>\n\n\n\n<figure class=\"wp-block-image size-large\"><img decoding=\"async\" width=\"1024\" height=\"576\" data-attachment-id=\"107712\" data-permalink=\"https:\/\/eldiariodesanpedro.com.ar\/sitio\/dos-motocicletas-chocaron-en-crucero-general-belgrano-dos-personas-resultaron-heridas\/whatsapp-image-2022-06-03-at-4-54-56-pm\/\" data-orig-file=\"https:\/\/eldiariodesanpedro.com.ar\/sitio\/wp-content\/uploads\/2022\/06\/WhatsApp-Image-2022-06-03-at-4.54.56-PM.jpeg\" data-orig-size=\"1120,630\" data-comments-opened=\"0\" data-image-meta=\"{&quot;aperture&quot;:&quot;0&quot;,&quot;credit&quot;:&quot;&quot;,&quot;camera&quot;:&quot;&quot;,&quot;caption&quot;:&quot;&quot;,&quot;created_timestamp&quot;:&quot;0&quot;,&quot;copyright&quot;:&quot;&quot;,&quot;focal_length&quot;:&quot;0&quot;,&quot;iso&quot;:&quot;0&quot;,&quot;shutter_speed&quot;:&quot;0&quot;,&quot;title&quot;:&quot;&quot;,&quot;orientation&quot;:&quot;0&quot;}\" data-image-title=\"WhatsApp Image 2022-06-03 at 4.54.56 PM\" data-image-description=\"\" data-image-caption=\"\" data-large-file=\"https:\/\/eldiariodesanpedro.com.ar\/sitio\/wp-content\/uploads\/2022\/06\/WhatsApp-Image-2022-06-03-at-4.54.56-PM-1024x576.jpeg\" data-src=\"https:\/\/eldiariodesanpedro.com.ar\/sitio\/wp-content\/uploads\/2022\/06\/WhatsApp-Image-2022-06-03-at-4.54.56-PM-1024x576.jpeg\" alt=\"\" class=\"wp-image-107712 lazyload\" data-srcset=\"https:\/\/eldiariodesanpedro.com.ar\/sitio\/wp-content\/uploads\/2022\/06\/WhatsApp-Image-2022-06-03-at-4.54.56-PM-1024x576.jpeg 1024w, https:\/\/eldiariodesanpedro.com.ar\/sitio\/wp-content\/uploads\/2022\/06\/WhatsApp-Image-2022-06-03-at-4.54.56-PM-300x169.jpeg 300w, https:\/\/eldiariodesanpedro.com.ar\/sitio\/wp-content\/uploads\/2022\/06\/WhatsApp-Image-2022-06-03-at-4.54.56-PM-768x432.jpeg 768w, https:\/\/eldiariodesanpedro.com.ar\/sitio\/wp-content\/uploads\/2022\/06\/WhatsApp-Image-2022-06-03-at-4.54.56-PM.jpeg 1120w\" data-sizes=\"(max-width: 1024px) 100vw, 1024px\" src=\"data:image\/svg+xml;base64,PHN2ZyB3aWR0aD0iMSIgaGVpZ2h0PSIxIiB4bWxucz0iaHR0cDovL3d3dy53My5vcmcvMjAwMC9zdmciPjwvc3ZnPg==\" style=\"--smush-placeholder-width: 1024px; --smush-placeholder-aspect-ratio: 1024\/576;\" \/><\/figure>\n\n\n\n<figure class=\"wp-block-image size-large\"><img decoding=\"async\" width=\"1024\" height=\"576\" data-attachment-id=\"107714\" data-permalink=\"https:\/\/eldiariodesanpedro.com.ar\/sitio\/dos-motocicletas-chocaron-en-crucero-general-belgrano-dos-personas-resultaron-heridas\/whatsapp-image-2022-06-03-at-4-54-57-pm-1\/\" data-orig-file=\"https:\/\/eldiariodesanpedro.com.ar\/sitio\/wp-content\/uploads\/2022\/06\/WhatsApp-Image-2022-06-03-at-4.54.57-PM-1.jpeg\" data-orig-size=\"1120,630\" data-comments-opened=\"0\" data-image-meta=\"{&quot;aperture&quot;:&quot;0&quot;,&quot;credit&quot;:&quot;&quot;,&quot;camera&quot;:&quot;&quot;,&quot;caption&quot;:&quot;&quot;,&quot;created_timestamp&quot;:&quot;0&quot;,&quot;copyright&quot;:&quot;&quot;,&quot;focal_length&quot;:&quot;0&quot;,&quot;iso&quot;:&quot;0&quot;,&quot;shutter_speed&quot;:&quot;0&quot;,&quot;title&quot;:&quot;&quot;,&quot;orientation&quot;:&quot;0&quot;}\" data-image-title=\"WhatsApp Image 2022-06-03 at 4.54.57 PM (1)\" data-image-description=\"\" data-image-caption=\"\" data-large-file=\"https:\/\/eldiariodesanpedro.com.ar\/sitio\/wp-content\/uploads\/2022\/06\/WhatsApp-Image-2022-06-03-at-4.54.57-PM-1-1024x576.jpeg\" data-src=\"https:\/\/eldiariodesanpedro.com.ar\/sitio\/wp-content\/uploads\/2022\/06\/WhatsApp-Image-2022-06-03-at-4.54.57-PM-1-1024x576.jpeg\" alt=\"\" class=\"wp-image-107714 lazyload\" data-srcset=\"https:\/\/eldiariodesanpedro.com.ar\/sitio\/wp-content\/uploads\/2022\/06\/WhatsApp-Image-2022-06-03-at-4.54.57-PM-1-1024x576.jpeg 1024w, https:\/\/eldiariodesanpedro.com.ar\/sitio\/wp-content\/uploads\/2022\/06\/WhatsApp-Image-2022-06-03-at-4.54.57-PM-1-300x169.jpeg 300w, https:\/\/eldiariodesanpedro.com.ar\/sitio\/wp-content\/uploads\/2022\/06\/WhatsApp-Image-2022-06-03-at-4.54.57-PM-1-768x432.jpeg 768w, https:\/\/eldiariodesanpedro.com.ar\/sitio\/wp-content\/uploads\/2022\/06\/WhatsApp-Image-2022-06-03-at-4.54.57-PM-1.jpeg 1120w\" data-sizes=\"(max-width: 1024px) 100vw, 1024px\" src=\"data:image\/svg+xml;base64,PHN2ZyB3aWR0aD0iMSIgaGVpZ2h0PSIxIiB4bWxucz0iaHR0cDovL3d3dy53My5vcmcvMjAwMC9zdmciPjwvc3ZnPg==\" style=\"--smush-placeholder-width: 1024px; --smush-placeholder-aspect-ratio: 1024\/576;\" \/><\/figure>\n\n\n\n<p><a href=\"https:\/\/www.laopinionsemanario.com.ar\/secciones\/informacion-general\/\"><\/a><\/p>\n","protected":false},"excerpt":{"rendered":"<p>Seg\u00fan testigos ambos rodados circulaban en la misma direcci\u00f3n y uno impact\u00f3 desde atr\u00e1s contra el otro. De los tres motociclistas, dos resultaron heridos y trasladados a la guardia del Hospital. Dos motociclistas resultaron heridos al protagonizar un accidente de tr\u00e1nsito sobre uno de los caminos de acceso a la ciudad. Sucedi\u00f3 en la tarde [&hellip;]<\/p>\n","protected":false},"author":4,"featured_media":107713,"comment_status":"closed","ping_status":"closed","sticky":false,"template":"","format":"standard","meta":{"om_disable_all_campaigns":false,"_jetpack_memberships_contains_paid_content":false,"footnotes":""},"categories":[50,2,103],"tags":[197,33,95,19],"class_list":["post-107710","post","type-post","status-publish","format-standard","has-post-thumbnail","hentry","category-destacadas","category-locales","category-policiales-locales","tag-buenos-aires","tag-locales","tag-policiales","tag-san-pedro"],"aioseo_notices":[],"gutentor_comment":0,"jetpack_featured_media_url":"https:\/\/eldiariodesanpedro.com.ar\/sitio\/wp-content\/uploads\/2022\/06\/WhatsApp-Image-2022-06-03-at-4.54.57-PM.jpeg","jetpack_shortlink":"https:\/\/wp.me\/p6RhLt-s1g","jetpack_sharing_enabled":true,"_links":{"self":[{"href":"https:\/\/eldiariodesanpedro.com.ar\/sitio\/wp-json\/wp\/v2\/posts\/107710","targetHints":{"allow":["GET"]}}],"collection":[{"href":"https:\/\/eldiariodesanpedro.com.ar\/sitio\/wp-json\/wp\/v2\/posts"}],"about":[{"href":"https:\/\/eldiariodesanpedro.com.ar\/sitio\/wp-json\/wp\/v2\/types\/post"}],"author":[{"embeddable":true,"href":"https:\/\/eldiariodesanpedro.com.ar\/sitio\/wp-json\/wp\/v2\/users\/4"}],"replies":[{"embeddable":true,"href":"https:\/\/eldiariodesanpedro.com.ar\/sitio\/wp-json\/wp\/v2\/comments?post=107710"}],"version-history":[{"count":1,"href":"https:\/\/eldiariodesanpedro.com.ar\/sitio\/wp-json\/wp\/v2\/posts\/107710\/revisions"}],"predecessor-version":[{"id":107715,"href":"https:\/\/eldiariodesanpedro.com.ar\/sitio\/wp-json\/wp\/v2\/posts\/107710\/revisions\/107715"}],"wp:featuredmedia":[{"embeddable":true,"href":"https:\/\/eldiariodesanpedro.com.ar\/sitio\/wp-json\/wp\/v2\/media\/107713"}],"wp:attachment":[{"href":"https:\/\/eldiariodesanpedro.com.ar\/sitio\/wp-json\/wp\/v2\/media?parent=107710"}],"wp:term":[{"taxonomy":"category","embeddable":true,"href":"https:\/\/eldiariodesanpedro.com.ar\/sitio\/wp-json\/wp\/v2\/categories?post=107710"},{"taxonomy":"post_tag","embeddable":true,"href":"https:\/\/eldiariodesanpedro.com.ar\/sitio\/wp-json\/wp\/v2\/tags?post=107710"}],"curies":[{"name":"wp","href":"https:\/\/api.w.org\/{rel}","templated":true}]}}