{"id":107693,"date":"2022-06-03T19:55:16","date_gmt":"2022-06-03T22:55:16","guid":{"rendered":"https:\/\/eldiariodesanpedro.com.ar\/sitio\/?p=107693"},"modified":"2022-06-03T19:55:17","modified_gmt":"2022-06-03T22:55:17","slug":"3j-jornada-de-concientizacion-y-visibilizacion-bajo-la-consigna-ni-una-menos","status":"publish","type":"post","link":"https:\/\/eldiariodesanpedro.com.ar\/sitio\/3j-jornada-de-concientizacion-y-visibilizacion-bajo-la-consigna-ni-una-menos\/","title":{"rendered":"#3J: Jornada de concientizaci\u00f3n y visibilizaci\u00f3n bajo la consigna \u00abNi Una Menos\u00bb"},"content":{"rendered":"<!-- VideographyWP Plugin Message: Automatic video embedding prevented by plugin options. -->\n\n<p>La secretar\u00eda de Pol\u00edticas de G\u00e9nero, Mujeres y Diversidad de la municipalidad de San Pedro, en conjunto con la comisar\u00eda de la Mujer y la Familia, concret\u00f3 este viernes una jornada de concientizaci\u00f3n y visibilizaci\u00f3n en la intersecci\u00f3n de la ex Peatonal de calle Obligado y Mitre.<\/p>\n\n\n\n<p>Encabezados por la secretaria Laura Monfasani y la titular de la Comisar\u00eda de la Mujer y la Familia Mariana Aguila, los equipos de ambas instituciones recorrieron las calles c\u00e9ntricas, entregando informaci\u00f3n y respondiendo consultas.<\/p>\n\n\n\n<p>Por el lugar pasaron adem\u00e1s el secretario de Seguridad, Diego Solana; el titular de Defensa Civil, Fabio Giovanettoni; el coordinador de Polic\u00edas Juan Carlos Ag\u00fcero; la concejala Candelaria Cuscuela y el concejal y presidente del bloque Frente de Todos, Juan Cruz Gonz\u00e1lez, quienes estuvieron acompa\u00f1ando la jornada.<\/p>\n\n\n\n<p>Continuando con las actividades, esta vez en conjunto con la Mesa Local de Atenci\u00f3n y Prevenci\u00f3n de la Violencia de G\u00e9nero y Familiar, ma\u00f1ana s\u00e1bado 4 se realizar\u00e1 en la Plaza San Mart\u00edn de Gobernador Castro, un festival con artistas locales, feriantes, emprendedores, stands institucionales, actividades l\u00fadicas para todas las edades y charlas a cargo de los equipos de la secretar\u00eda de Pol\u00edticas de G\u00e9nero, Mujeres y Diversidad. Las actividades ser\u00e1n abiertas a toda la familia y se concretar\u00e1n en la localidad desde las 14.00.<\/p>\n\n\n\n<figure class=\"wp-block-image size-full\"><img decoding=\"async\" width=\"945\" height=\"630\" data-attachment-id=\"107696\" data-permalink=\"https:\/\/eldiariodesanpedro.com.ar\/sitio\/3j-jornada-de-concientizacion-y-visibilizacion-bajo-la-consigna-ni-una-menos\/whatsapp-image-2022-06-03-at-2-10-08-pm\/\" data-orig-file=\"https:\/\/eldiariodesanpedro.com.ar\/sitio\/wp-content\/uploads\/2022\/06\/WhatsApp-Image-2022-06-03-at-2.10.08-PM.jpeg\" data-orig-size=\"945,630\" data-comments-opened=\"0\" data-image-meta=\"{&quot;aperture&quot;:&quot;0&quot;,&quot;credit&quot;:&quot;&quot;,&quot;camera&quot;:&quot;&quot;,&quot;caption&quot;:&quot;&quot;,&quot;created_timestamp&quot;:&quot;0&quot;,&quot;copyright&quot;:&quot;&quot;,&quot;focal_length&quot;:&quot;0&quot;,&quot;iso&quot;:&quot;0&quot;,&quot;shutter_speed&quot;:&quot;0&quot;,&quot;title&quot;:&quot;&quot;,&quot;orientation&quot;:&quot;0&quot;}\" data-image-title=\"WhatsApp Image 2022-06-03 at 2.10.08 PM\" data-image-description=\"\" data-image-caption=\"\" data-large-file=\"https:\/\/eldiariodesanpedro.com.ar\/sitio\/wp-content\/uploads\/2022\/06\/WhatsApp-Image-2022-06-03-at-2.10.08-PM.jpeg\" data-src=\"https:\/\/eldiariodesanpedro.com.ar\/sitio\/wp-content\/uploads\/2022\/06\/WhatsApp-Image-2022-06-03-at-2.10.08-PM.jpeg\" alt=\"\" class=\"wp-image-107696 lazyload\" data-srcset=\"https:\/\/eldiariodesanpedro.com.ar\/sitio\/wp-content\/uploads\/2022\/06\/WhatsApp-Image-2022-06-03-at-2.10.08-PM.jpeg 945w, https:\/\/eldiariodesanpedro.com.ar\/sitio\/wp-content\/uploads\/2022\/06\/WhatsApp-Image-2022-06-03-at-2.10.08-PM-300x200.jpeg 300w, https:\/\/eldiariodesanpedro.com.ar\/sitio\/wp-content\/uploads\/2022\/06\/WhatsApp-Image-2022-06-03-at-2.10.08-PM-768x512.jpeg 768w\" data-sizes=\"(max-width: 945px) 100vw, 945px\" src=\"data:image\/svg+xml;base64,PHN2ZyB3aWR0aD0iMSIgaGVpZ2h0PSIxIiB4bWxucz0iaHR0cDovL3d3dy53My5vcmcvMjAwMC9zdmciPjwvc3ZnPg==\" style=\"--smush-placeholder-width: 945px; --smush-placeholder-aspect-ratio: 945\/630;\" \/><\/figure>\n\n\n\n<figure class=\"wp-block-image size-full\"><img decoding=\"async\" width=\"930\" height=\"630\" data-attachment-id=\"107694\" data-permalink=\"https:\/\/eldiariodesanpedro.com.ar\/sitio\/3j-jornada-de-concientizacion-y-visibilizacion-bajo-la-consigna-ni-una-menos\/whatsapp-image-2022-06-03-at-2-10-07-pm-1\/\" data-orig-file=\"https:\/\/eldiariodesanpedro.com.ar\/sitio\/wp-content\/uploads\/2022\/06\/WhatsApp-Image-2022-06-03-at-2.10.07-PM-1.jpeg\" data-orig-size=\"930,630\" data-comments-opened=\"0\" data-image-meta=\"{&quot;aperture&quot;:&quot;0&quot;,&quot;credit&quot;:&quot;&quot;,&quot;camera&quot;:&quot;&quot;,&quot;caption&quot;:&quot;&quot;,&quot;created_timestamp&quot;:&quot;0&quot;,&quot;copyright&quot;:&quot;&quot;,&quot;focal_length&quot;:&quot;0&quot;,&quot;iso&quot;:&quot;0&quot;,&quot;shutter_speed&quot;:&quot;0&quot;,&quot;title&quot;:&quot;&quot;,&quot;orientation&quot;:&quot;0&quot;}\" data-image-title=\"WhatsApp Image 2022-06-03 at 2.10.07 PM (1)\" data-image-description=\"\" data-image-caption=\"\" data-large-file=\"https:\/\/eldiariodesanpedro.com.ar\/sitio\/wp-content\/uploads\/2022\/06\/WhatsApp-Image-2022-06-03-at-2.10.07-PM-1.jpeg\" data-src=\"https:\/\/eldiariodesanpedro.com.ar\/sitio\/wp-content\/uploads\/2022\/06\/WhatsApp-Image-2022-06-03-at-2.10.07-PM-1.jpeg\" alt=\"\" class=\"wp-image-107694 lazyload\" data-srcset=\"https:\/\/eldiariodesanpedro.com.ar\/sitio\/wp-content\/uploads\/2022\/06\/WhatsApp-Image-2022-06-03-at-2.10.07-PM-1.jpeg 930w, https:\/\/eldiariodesanpedro.com.ar\/sitio\/wp-content\/uploads\/2022\/06\/WhatsApp-Image-2022-06-03-at-2.10.07-PM-1-300x203.jpeg 300w, https:\/\/eldiariodesanpedro.com.ar\/sitio\/wp-content\/uploads\/2022\/06\/WhatsApp-Image-2022-06-03-at-2.10.07-PM-1-768x520.jpeg 768w\" data-sizes=\"(max-width: 930px) 100vw, 930px\" src=\"data:image\/svg+xml;base64,PHN2ZyB3aWR0aD0iMSIgaGVpZ2h0PSIxIiB4bWxucz0iaHR0cDovL3d3dy53My5vcmcvMjAwMC9zdmciPjwvc3ZnPg==\" style=\"--smush-placeholder-width: 930px; --smush-placeholder-aspect-ratio: 930\/630;\" \/><\/figure>\n","protected":false},"excerpt":{"rendered":"<p>La secretar\u00eda de Pol\u00edticas de G\u00e9nero, Mujeres y Diversidad de la municipalidad de San Pedro, en conjunto con la comisar\u00eda de la Mujer y la Familia, concret\u00f3 este viernes una jornada de concientizaci\u00f3n y visibilizaci\u00f3n en la intersecci\u00f3n de la ex Peatonal de calle Obligado y Mitre. Encabezados por la secretaria Laura Monfasani y la [&hellip;]<\/p>\n","protected":false},"author":4,"featured_media":107695,"comment_status":"closed","ping_status":"closed","sticky":false,"template":"","format":"standard","meta":{"om_disable_all_campaigns":false,"_jetpack_memberships_contains_paid_content":false,"footnotes":""},"categories":[50,101,2],"tags":[197,696,33,19],"class_list":["post-107693","post","type-post","status-publish","format-standard","has-post-thumbnail","hentry","category-destacadas","category-interes-general-locales","category-locales","tag-buenos-aires","tag-interes-general","tag-locales","tag-san-pedro"],"aioseo_notices":[],"gutentor_comment":0,"jetpack_featured_media_url":"https:\/\/eldiariodesanpedro.com.ar\/sitio\/wp-content\/uploads\/2022\/06\/WhatsApp-Image-2022-06-03-at-2.10.07-PM.jpeg","jetpack_shortlink":"https:\/\/wp.me\/p6RhLt-s0Z","jetpack_sharing_enabled":true,"_links":{"self":[{"href":"https:\/\/eldiariodesanpedro.com.ar\/sitio\/wp-json\/wp\/v2\/posts\/107693","targetHints":{"allow":["GET"]}}],"collection":[{"href":"https:\/\/eldiariodesanpedro.com.ar\/sitio\/wp-json\/wp\/v2\/posts"}],"about":[{"href":"https:\/\/eldiariodesanpedro.com.ar\/sitio\/wp-json\/wp\/v2\/types\/post"}],"author":[{"embeddable":true,"href":"https:\/\/eldiariodesanpedro.com.ar\/sitio\/wp-json\/wp\/v2\/users\/4"}],"replies":[{"embeddable":true,"href":"https:\/\/eldiariodesanpedro.com.ar\/sitio\/wp-json\/wp\/v2\/comments?post=107693"}],"version-history":[{"count":1,"href":"https:\/\/eldiariodesanpedro.com.ar\/sitio\/wp-json\/wp\/v2\/posts\/107693\/revisions"}],"predecessor-version":[{"id":107697,"href":"https:\/\/eldiariodesanpedro.com.ar\/sitio\/wp-json\/wp\/v2\/posts\/107693\/revisions\/107697"}],"wp:featuredmedia":[{"embeddable":true,"href":"https:\/\/eldiariodesanpedro.com.ar\/sitio\/wp-json\/wp\/v2\/media\/107695"}],"wp:attachment":[{"href":"https:\/\/eldiariodesanpedro.com.ar\/sitio\/wp-json\/wp\/v2\/media?parent=107693"}],"wp:term":[{"taxonomy":"category","embeddable":true,"href":"https:\/\/eldiariodesanpedro.com.ar\/sitio\/wp-json\/wp\/v2\/categories?post=107693"},{"taxonomy":"post_tag","embeddable":true,"href":"https:\/\/eldiariodesanpedro.com.ar\/sitio\/wp-json\/wp\/v2\/tags?post=107693"}],"curies":[{"name":"wp","href":"https:\/\/api.w.org\/{rel}","templated":true}]}}