{"id":107682,"date":"2022-06-03T17:52:26","date_gmt":"2022-06-03T20:52:26","guid":{"rendered":"https:\/\/eldiariodesanpedro.com.ar\/sitio\/?p=107682"},"modified":"2022-06-03T17:52:27","modified_gmt":"2022-06-03T20:52:27","slug":"una-persona-lesionada-llego-por-sus-propios-medios-al-hospital-y-no-quiso-explicar-como-se-lastimo","status":"publish","type":"post","link":"https:\/\/eldiariodesanpedro.com.ar\/sitio\/una-persona-lesionada-llego-por-sus-propios-medios-al-hospital-y-no-quiso-explicar-como-se-lastimo\/","title":{"rendered":"Una persona lesionada lleg\u00f3 por sus propios medios al hospital y no quiso explicar c\u00f3mo se lastim\u00f3"},"content":{"rendered":"<!-- VideographyWP Plugin Message: Automatic video embedding prevented by plugin options. -->\n\n<p>Este jueves en horas de la noche el personal policial alertado acude al nosocomio local por ingreso de un joven de 22 a\u00f1os quien presentaba lesiones, tra\u00eddo por terceros, presentando lesi\u00f3n escoriativas regi\u00f3n costal.<br>Tras averiguaci\u00f3n esta persona no refiri\u00f3 detalles de lo ocurrido como tampoco la autor\u00eda de las lesiones, tras recibir las correspondientes curaciones firm\u00f3 el alta voluntaria neg\u00e1ndose a estudios complementarios.<\/p>\n","protected":false},"excerpt":{"rendered":"<p>Este jueves en horas de la noche el personal policial alertado acude al nosocomio local por ingreso de un joven de 22 a\u00f1os quien presentaba lesiones, tra\u00eddo por terceros, presentando lesi\u00f3n escoriativas regi\u00f3n costal.Tras averiguaci\u00f3n esta persona no refiri\u00f3 detalles de lo ocurrido como tampoco la autor\u00eda de las lesiones, tras recibir las correspondientes curaciones [&hellip;]<\/p>\n","protected":false},"author":4,"featured_media":81053,"comment_status":"closed","ping_status":"closed","sticky":false,"template":"","format":"standard","meta":{"om_disable_all_campaigns":false,"_jetpack_memberships_contains_paid_content":false,"footnotes":""},"categories":[2,103],"tags":[197,33,95,19],"class_list":["post-107682","post","type-post","status-publish","format-standard","has-post-thumbnail","hentry","category-locales","category-policiales-locales","tag-buenos-aires","tag-locales","tag-policiales","tag-san-pedro"],"aioseo_notices":[],"gutentor_comment":0,"jetpack_featured_media_url":"https:\/\/eldiariodesanpedro.com.ar\/sitio\/wp-content\/uploads\/2020\/09\/guardia-940x528-1.jpg","jetpack_shortlink":"https:\/\/wp.me\/p6RhLt-s0O","jetpack_sharing_enabled":true,"_links":{"self":[{"href":"https:\/\/eldiariodesanpedro.com.ar\/sitio\/wp-json\/wp\/v2\/posts\/107682","targetHints":{"allow":["GET"]}}],"collection":[{"href":"https:\/\/eldiariodesanpedro.com.ar\/sitio\/wp-json\/wp\/v2\/posts"}],"about":[{"href":"https:\/\/eldiariodesanpedro.com.ar\/sitio\/wp-json\/wp\/v2\/types\/post"}],"author":[{"embeddable":true,"href":"https:\/\/eldiariodesanpedro.com.ar\/sitio\/wp-json\/wp\/v2\/users\/4"}],"replies":[{"embeddable":true,"href":"https:\/\/eldiariodesanpedro.com.ar\/sitio\/wp-json\/wp\/v2\/comments?post=107682"}],"version-history":[{"count":1,"href":"https:\/\/eldiariodesanpedro.com.ar\/sitio\/wp-json\/wp\/v2\/posts\/107682\/revisions"}],"predecessor-version":[{"id":107683,"href":"https:\/\/eldiariodesanpedro.com.ar\/sitio\/wp-json\/wp\/v2\/posts\/107682\/revisions\/107683"}],"wp:featuredmedia":[{"embeddable":true,"href":"https:\/\/eldiariodesanpedro.com.ar\/sitio\/wp-json\/wp\/v2\/media\/81053"}],"wp:attachment":[{"href":"https:\/\/eldiariodesanpedro.com.ar\/sitio\/wp-json\/wp\/v2\/media?parent=107682"}],"wp:term":[{"taxonomy":"category","embeddable":true,"href":"https:\/\/eldiariodesanpedro.com.ar\/sitio\/wp-json\/wp\/v2\/categories?post=107682"},{"taxonomy":"post_tag","embeddable":true,"href":"https:\/\/eldiariodesanpedro.com.ar\/sitio\/wp-json\/wp\/v2\/tags?post=107682"}],"curies":[{"name":"wp","href":"https:\/\/api.w.org\/{rel}","templated":true}]}}