{"id":107667,"date":"2022-06-03T17:40:49","date_gmt":"2022-06-03T20:40:49","guid":{"rendered":"https:\/\/eldiariodesanpedro.com.ar\/sitio\/?p=107667"},"modified":"2022-06-03T17:40:49","modified_gmt":"2022-06-03T20:40:49","slug":"joven-de-16-anos-aprehendido-tras-robar-una-cartera-a-una-abuela-de-70-anos","status":"publish","type":"post","link":"https:\/\/eldiariodesanpedro.com.ar\/sitio\/joven-de-16-anos-aprehendido-tras-robar-una-cartera-a-una-abuela-de-70-anos\/","title":{"rendered":"Joven de 16 a\u00f1os aprehendido tras robar una cartera a una abuela de 70 a\u00f1os"},"content":{"rendered":"<!-- VideographyWP Plugin Message: Automatic video embedding prevented by plugin options. -->\n\n<p>En la noche de ayer promediando las 21 hs el personal policial alertada a partir de un llamado al 911 y en un r\u00e1pido proceder se hizo presente en Mitre y Martin Fierro donde aprehendi\u00f3 a masculino menor de edad de 16 a\u00f1os a quien se le secuestr\u00f3 cartera con pertenencias que sustrajo instantes antes del interior de un domicilio ubicado en Salta al 2300, propiedad de femenina de 70 a\u00f1os de edad.<br>Permaneci\u00f3 en sede policial a disposici\u00f3n UFI Juvenil San Nicol\u00e1s y luego entregado a sus padres.<\/p>\n","protected":false},"excerpt":{"rendered":"<p>En la noche de ayer promediando las 21 hs el personal policial alertada a partir de un llamado al 911 y en un r\u00e1pido proceder se hizo presente en Mitre y Martin Fierro donde aprehendi\u00f3 a masculino menor de edad de 16 a\u00f1os a quien se le secuestr\u00f3 cartera con pertenencias que sustrajo instantes antes [&hellip;]<\/p>\n","protected":false},"author":4,"featured_media":107670,"comment_status":"closed","ping_status":"closed","sticky":false,"template":"","format":"standard","meta":{"om_disable_all_campaigns":false,"_jetpack_memberships_contains_paid_content":false,"footnotes":""},"categories":[50,2,103],"tags":[],"class_list":["post-107667","post","type-post","status-publish","format-standard","has-post-thumbnail","hentry","category-destacadas","category-locales","category-policiales-locales"],"aioseo_notices":[],"gutentor_comment":0,"jetpack_featured_media_url":"https:\/\/eldiariodesanpedro.com.ar\/sitio\/wp-content\/uploads\/2022\/06\/WhatsApp-Image-2022-06-03-at-10.25.07-AM.jpeg","jetpack_shortlink":"https:\/\/wp.me\/p6RhLt-s0z","jetpack_sharing_enabled":true,"_links":{"self":[{"href":"https:\/\/eldiariodesanpedro.com.ar\/sitio\/wp-json\/wp\/v2\/posts\/107667","targetHints":{"allow":["GET"]}}],"collection":[{"href":"https:\/\/eldiariodesanpedro.com.ar\/sitio\/wp-json\/wp\/v2\/posts"}],"about":[{"href":"https:\/\/eldiariodesanpedro.com.ar\/sitio\/wp-json\/wp\/v2\/types\/post"}],"author":[{"embeddable":true,"href":"https:\/\/eldiariodesanpedro.com.ar\/sitio\/wp-json\/wp\/v2\/users\/4"}],"replies":[{"embeddable":true,"href":"https:\/\/eldiariodesanpedro.com.ar\/sitio\/wp-json\/wp\/v2\/comments?post=107667"}],"version-history":[{"count":1,"href":"https:\/\/eldiariodesanpedro.com.ar\/sitio\/wp-json\/wp\/v2\/posts\/107667\/revisions"}],"predecessor-version":[{"id":107671,"href":"https:\/\/eldiariodesanpedro.com.ar\/sitio\/wp-json\/wp\/v2\/posts\/107667\/revisions\/107671"}],"wp:featuredmedia":[{"embeddable":true,"href":"https:\/\/eldiariodesanpedro.com.ar\/sitio\/wp-json\/wp\/v2\/media\/107670"}],"wp:attachment":[{"href":"https:\/\/eldiariodesanpedro.com.ar\/sitio\/wp-json\/wp\/v2\/media?parent=107667"}],"wp:term":[{"taxonomy":"category","embeddable":true,"href":"https:\/\/eldiariodesanpedro.com.ar\/sitio\/wp-json\/wp\/v2\/categories?post=107667"},{"taxonomy":"post_tag","embeddable":true,"href":"https:\/\/eldiariodesanpedro.com.ar\/sitio\/wp-json\/wp\/v2\/tags?post=107667"}],"curies":[{"name":"wp","href":"https:\/\/api.w.org\/{rel}","templated":true}]}}