{"id":107664,"date":"2022-06-03T11:11:06","date_gmt":"2022-06-03T14:11:06","guid":{"rendered":"https:\/\/eldiariodesanpedro.com.ar\/sitio\/?p=107664"},"modified":"2022-06-03T11:11:07","modified_gmt":"2022-06-03T14:11:07","slug":"profundo-pesar-por-el-fallecimiento-de-patricio-neco-calonge%ef%bf%bc%ef%bf%bc","status":"publish","type":"post","link":"https:\/\/eldiariodesanpedro.com.ar\/sitio\/profundo-pesar-por-el-fallecimiento-de-patricio-neco-calonge%ef%bf%bc%ef%bf%bc\/","title":{"rendered":"Profundo pesar por el fallecimiento de Patricio \u201c\u00d1eco\u201d Calonge\ufffc\ufffc"},"content":{"rendered":"<!-- VideographyWP Plugin Message: Automatic video embedding prevented by plugin options. -->\n\n<p>El querido artista ten\u00eda 52 a\u00f1os y se encontraba en su domicilio cuando se produjo el deceso. Ser\u00e1 recordado por sus emprendimientos y obras de las que fue protagonista.<\/p>\n\n\n\n<p>Sobre la noche del jueves se produjo el fallecimiento del artista sampedrino Patricio Javier Calonge, m\u00e1s conocido como \u201c\u00d1eco\u201d, un verdadero personaje de la ciudad, querido y respetado.<\/p>\n\n\n\n<p>Ten\u00eda 52 a\u00f1os y permanec\u00eda en su domicilio donde se recuperaba de un by pass g\u00e1strico que hab\u00eda decidido realizarse hace tan solo tres d\u00edas, pero una descompensaci\u00f3n card\u00edaca lo sorprendi\u00f3.<\/p>\n\n\n\n<p>\u201c\u00d1eco\u201d encabez\u00f3 diversos proyectos personales como la fiesta de San Patricio, la primera fiesta de la cerveza que hubo en la ciudad, o el vag\u00f3n gastron\u00f3mico que en su momento gener\u00f3 todo tipo de debate pero se termin\u00f3 de imponer como una de las alternativas para sampedrinos y visitantes.<\/p>\n\n\n\n<p>Fan\u00e1tico de las motos y del buen rock and roll, Patricio Calonge tambi\u00e9n sobresali\u00f3 por sus cualidades como artista a trav\u00e9s de sus obras de vitreaux con las que super\u00f3 todo tipo de l\u00edmites, tambi\u00e9n se dedic\u00f3 a la pintura, las manualidades y la serigraf\u00eda.<\/p>\n\n\n\n<p>\u201c\u00d1eco\u201d deja un recuerdo imborrable ante una comunidad que ya comienza a extra\u00f1ar a uno de sus personajes que muy temprano decidi\u00f3 transitar por el camino de la eternidad.<\/p>\n\n\n\n<p><a href=\"https:\/\/www.laopinionsemanario.com.ar\/secciones\/cultura-y-espectaculos\/\"><\/a><\/p>\n","protected":false},"excerpt":{"rendered":"<p>El querido artista ten\u00eda 52 a\u00f1os y se encontraba en su domicilio cuando se produjo el deceso. Ser\u00e1 recordado por sus emprendimientos y obras de las que fue protagonista. Sobre la noche del jueves se produjo el fallecimiento del artista sampedrino Patricio Javier Calonge, m\u00e1s conocido como \u201c\u00d1eco\u201d, un verdadero personaje de la ciudad, querido [&hellip;]<\/p>\n","protected":false},"author":4,"featured_media":107665,"comment_status":"closed","ping_status":"closed","sticky":false,"template":"","format":"standard","meta":{"om_disable_all_campaigns":false,"_jetpack_memberships_contains_paid_content":false,"footnotes":""},"categories":[50,101,2],"tags":[197,696,33,19],"class_list":["post-107664","post","type-post","status-publish","format-standard","has-post-thumbnail","hentry","category-destacadas","category-interes-general-locales","category-locales","tag-buenos-aires","tag-interes-general","tag-locales","tag-san-pedro"],"aioseo_notices":[],"gutentor_comment":0,"jetpack_featured_media_url":"https:\/\/eldiariodesanpedro.com.ar\/sitio\/wp-content\/uploads\/2022\/06\/64661619_10217366307381136_5341209883217756160_n.jpg","jetpack_shortlink":"https:\/\/wp.me\/p6RhLt-s0w","jetpack_sharing_enabled":true,"_links":{"self":[{"href":"https:\/\/eldiariodesanpedro.com.ar\/sitio\/wp-json\/wp\/v2\/posts\/107664","targetHints":{"allow":["GET"]}}],"collection":[{"href":"https:\/\/eldiariodesanpedro.com.ar\/sitio\/wp-json\/wp\/v2\/posts"}],"about":[{"href":"https:\/\/eldiariodesanpedro.com.ar\/sitio\/wp-json\/wp\/v2\/types\/post"}],"author":[{"embeddable":true,"href":"https:\/\/eldiariodesanpedro.com.ar\/sitio\/wp-json\/wp\/v2\/users\/4"}],"replies":[{"embeddable":true,"href":"https:\/\/eldiariodesanpedro.com.ar\/sitio\/wp-json\/wp\/v2\/comments?post=107664"}],"version-history":[{"count":1,"href":"https:\/\/eldiariodesanpedro.com.ar\/sitio\/wp-json\/wp\/v2\/posts\/107664\/revisions"}],"predecessor-version":[{"id":107666,"href":"https:\/\/eldiariodesanpedro.com.ar\/sitio\/wp-json\/wp\/v2\/posts\/107664\/revisions\/107666"}],"wp:featuredmedia":[{"embeddable":true,"href":"https:\/\/eldiariodesanpedro.com.ar\/sitio\/wp-json\/wp\/v2\/media\/107665"}],"wp:attachment":[{"href":"https:\/\/eldiariodesanpedro.com.ar\/sitio\/wp-json\/wp\/v2\/media?parent=107664"}],"wp:term":[{"taxonomy":"category","embeddable":true,"href":"https:\/\/eldiariodesanpedro.com.ar\/sitio\/wp-json\/wp\/v2\/categories?post=107664"},{"taxonomy":"post_tag","embeddable":true,"href":"https:\/\/eldiariodesanpedro.com.ar\/sitio\/wp-json\/wp\/v2\/tags?post=107664"}],"curies":[{"name":"wp","href":"https:\/\/api.w.org\/{rel}","templated":true}]}}