{"id":107661,"date":"2022-06-03T11:02:48","date_gmt":"2022-06-03T14:02:48","guid":{"rendered":"https:\/\/eldiariodesanpedro.com.ar\/sitio\/?p=107661"},"modified":"2022-06-03T11:02:49","modified_gmt":"2022-06-03T14:02:49","slug":"asamblea-general-extraordinaria-de-la-cooperativa-de-provision-de-servicios-electricos-publicos-y-sociales-de-san-pedro-limitada","status":"publish","type":"post","link":"https:\/\/eldiariodesanpedro.com.ar\/sitio\/asamblea-general-extraordinaria-de-la-cooperativa-de-provision-de-servicios-electricos-publicos-y-sociales-de-san-pedro-limitada\/","title":{"rendered":"Asamblea General Extraordinaria de la Cooperativa de Provisi\u00f3n de Servicios El\u00e9ctricos, P\u00fablicos y Sociales de San Pedro Limitada"},"content":{"rendered":"<!-- VideographyWP Plugin Message: Automatic video embedding prevented by plugin options. -->\n\n<h2 class=\"has-text-align-center wp-block-heading\"><strong>ACTA 2906-ANEXO 1<br>Asamblea General Extraordinaria<\/strong><\/h2>\n\n\n\n<h2 class=\"has-text-align-center wp-block-heading\">Convocatoria<\/h2>\n\n\n\n<p>De conformidad con lo establecido en el Estatuto Social, conv\u00f3case a los Se\u00f1ores Delegados de Distrito de la Cooperativa de Provisi\u00f3n de Servicios El\u00e9ctricos, P\u00fablicos y Sociales de San Pedro Limitada, para el d\u00eda 21 de Junio de 2022, a las 20,00 horas, a Asamblea General Extraordinaria a realizarse en el Sindicato de Luz y Fuerza de la Zona del Paran\u00e1, sito en calle Belgrano 1260 de la ciudad de San Pedro, a fin de considerarse el siguiente:<\/p>\n\n\n\n<h2 class=\"has-text-align-center wp-block-heading\">Orden del D\u00eda<\/h2>\n\n\n\n<p>1.- Elecci\u00f3n de un Presidente de la Asamblea y Designaci\u00f3n de 2 (dos) Delegados Asamble\u00edstas para que firmen conjuntamente con el Presidente y Secretario el Acta de la Asamblea.<br>2.- Consideraci\u00f3n de la renovaci\u00f3n de la Licencia T\u00e9cnica para las \u00e1reas de distribuci\u00f3n del Partido de San Pedro, Provincia de Buenos Aires, RESOLUCION M.I. y S.P N| 600\/22.<br>3.- Tratamiento y consideraci\u00f3n de la petici\u00f3n de pr\u00f3rroga prevista en el Art\u00edculo 3\u00b0 del Contrato de Concesi\u00f3n Municipal del servicio P\u00fablico de electricidad en el partido de San Pedro, Provincia de Buenos Aires (LEY PROVINCIAL 11.679<\/p>\n\n\n\n<p>San Pedro, 1 de Junio de 2022.-<\/p>\n\n\n\n<p><strong>Miguel Angel Madrid &#8211; Secretario<br>Emilio Juan Longueira &#8211; Presidente<\/strong><\/p>\n\n\n\n<p>Notas: Las Asambleas de Delegados se rigen por el Cap\u00edtulo VI del Estatuto Social. Los Delegados participar\u00e1n con un solo voto cualquiera sea el n\u00famero de acciones que posean. Las Asambleas se realizar\u00e1n v\u00e1lidamente sea cual fuere el n\u00famero de asistentes, una (1) hora despu\u00e9s de la fijada en la Convocatoria si antes no se hubiera reunido la mitad m\u00e1s uno de los delegados en su caso.<\/p>\n","protected":false},"excerpt":{"rendered":"<p>ACTA 2906-ANEXO 1Asamblea General Extraordinaria Convocatoria De conformidad con lo establecido en el Estatuto Social, conv\u00f3case a los Se\u00f1ores Delegados de Distrito de la Cooperativa de Provisi\u00f3n de Servicios El\u00e9ctricos, P\u00fablicos y Sociales de San Pedro Limitada, para el d\u00eda 21 de Junio de 2022, a las 20,00 horas, a Asamblea General Extraordinaria a realizarse [&hellip;]<\/p>\n","protected":false},"author":4,"featured_media":107662,"comment_status":"closed","ping_status":"closed","sticky":false,"template":"","format":"standard","meta":{"om_disable_all_campaigns":false,"_jetpack_memberships_contains_paid_content":false,"footnotes":""},"categories":[678,676],"tags":[197,696,33,19],"class_list":["post-107661","post","type-post","status-publish","format-standard","has-post-thumbnail","hentry","category-convocatorias","category-edictos","tag-buenos-aires","tag-interes-general","tag-locales","tag-san-pedro"],"aioseo_notices":[],"gutentor_comment":0,"jetpack_featured_media_url":"https:\/\/eldiariodesanpedro.com.ar\/sitio\/wp-content\/uploads\/2022\/06\/Coopser-2022-junio.jpg","jetpack_shortlink":"https:\/\/wp.me\/p6RhLt-s0t","jetpack_sharing_enabled":true,"_links":{"self":[{"href":"https:\/\/eldiariodesanpedro.com.ar\/sitio\/wp-json\/wp\/v2\/posts\/107661","targetHints":{"allow":["GET"]}}],"collection":[{"href":"https:\/\/eldiariodesanpedro.com.ar\/sitio\/wp-json\/wp\/v2\/posts"}],"about":[{"href":"https:\/\/eldiariodesanpedro.com.ar\/sitio\/wp-json\/wp\/v2\/types\/post"}],"author":[{"embeddable":true,"href":"https:\/\/eldiariodesanpedro.com.ar\/sitio\/wp-json\/wp\/v2\/users\/4"}],"replies":[{"embeddable":true,"href":"https:\/\/eldiariodesanpedro.com.ar\/sitio\/wp-json\/wp\/v2\/comments?post=107661"}],"version-history":[{"count":1,"href":"https:\/\/eldiariodesanpedro.com.ar\/sitio\/wp-json\/wp\/v2\/posts\/107661\/revisions"}],"predecessor-version":[{"id":107663,"href":"https:\/\/eldiariodesanpedro.com.ar\/sitio\/wp-json\/wp\/v2\/posts\/107661\/revisions\/107663"}],"wp:featuredmedia":[{"embeddable":true,"href":"https:\/\/eldiariodesanpedro.com.ar\/sitio\/wp-json\/wp\/v2\/media\/107662"}],"wp:attachment":[{"href":"https:\/\/eldiariodesanpedro.com.ar\/sitio\/wp-json\/wp\/v2\/media?parent=107661"}],"wp:term":[{"taxonomy":"category","embeddable":true,"href":"https:\/\/eldiariodesanpedro.com.ar\/sitio\/wp-json\/wp\/v2\/categories?post=107661"},{"taxonomy":"post_tag","embeddable":true,"href":"https:\/\/eldiariodesanpedro.com.ar\/sitio\/wp-json\/wp\/v2\/tags?post=107661"}],"curies":[{"name":"wp","href":"https:\/\/api.w.org\/{rel}","templated":true}]}}