{"id":107641,"date":"2022-06-03T10:28:20","date_gmt":"2022-06-03T13:28:20","guid":{"rendered":"https:\/\/eldiariodesanpedro.com.ar\/sitio\/?p=107641"},"modified":"2022-06-03T10:29:21","modified_gmt":"2022-06-03T13:29:21","slug":"salazar-recibio-al-subadministrador-de-vialidad-provincial-por-la-repavimentacion-de-la-ruta-1001","status":"publish","type":"post","link":"https:\/\/eldiariodesanpedro.com.ar\/sitio\/salazar-recibio-al-subadministrador-de-vialidad-provincial-por-la-repavimentacion-de-la-ruta-1001\/","title":{"rendered":"Salazar recibi\u00f3 al Subadministrador de Vialidad Provincial por la repavimentaci\u00f3n de la Ruta 1001"},"content":{"rendered":"<!-- VideographyWP Plugin Message: Automatic video embedding prevented by plugin options. -->\n\n<p>Esta ma\u00f1ana el Intendente Dr. Ram\u00f3n Salazar recorri\u00f3 junto al Subadministrador de Vialidad Provincial, Mart\u00edn Fraschetti y su equipo t\u00e9cnico diferentes puntos de la ciudad para ultimar detalles en el proyecto de repavimentaci\u00f3n de la Ruta 1001 luego de la confirmaci\u00f3n de que el Gobierno de la Provincia de Buenos Aires que encabeza Axel Kicillof, a trav\u00e9s del Ministerio de Infraestructura y Servicios P\u00fablicos que conduce Leonardo Nardini llevar\u00e1 adelante la obra, con iluminaci\u00f3n desde R\u00edo Tala a San Pedro, contemplando incluso la reparaci\u00f3n de Crucero General Belgrano y el reasfaltado de Lucio Mansilla, desde 11 de septiembre hasta la Escuela N\u00b0 13, en el Camino a Vuelta de Obligado.<\/p>\n\n\n\n<p>Tras las diferentes gestiones y solicitudes efectuadas desde el gobierno local a trav\u00e9s del ex Intendente Cecilio Salazar por las dificultades que surgieron en la obra realizada hace algunos a\u00f1os, el actual Intendente Ram\u00f3n Salazar present\u00f3 el proyecto formal ante el Ministerio a principios de este a\u00f1o para que comiencen a cumplirse los pasos que derivar\u00e1n en la ejecuci\u00f3n de una repavimentaci\u00f3n que contemple las necesidades de uno de los dos accesos m\u00e1s importantes para San Pedro.<\/p>\n\n\n\n<p>En segunda instancia los funcionarios visitaron la obra en la Ruta N\u00b0 191 que contin\u00faa a buen ritmo y el acceso a Santa Luc\u00eda que cuenta con la autorizaci\u00f3n de la parte t\u00e9cnica.<\/p>\n\n\n\n<p>El Dr. Salazar se mostr\u00f3 muy agradecido con la visita del Subadministrador Fraschetti, quien viajo con todo su equipo, destacando el arribo de los t\u00e9cnicos de Vialidad para conocer las dificultades y continuar ajustando el proyecto a las necesidades.<\/p>\n\n\n\n<p>Adem\u00e1s, asegur\u00f3 que continuar\u00e1n trabajando con la intenci\u00f3n de que el pr\u00f3ximo a\u00f1o San Pedro tenga los ingresos en buen estado y con luminarias.<\/p>\n\n\n\n<p>Formaron parte de la recorrida el ex Jefe Comunal, actual Integrante del Directorio de Trenes Argentinos Cargas, Cecilio Salazar, el Secretario de Obras, Planeamiento y Catastro, Javier Silva y Gast\u00f3n Deza, Jefe de Zona de Vialidad.<\/p>\n\n\n\n<figure class=\"wp-block-image size-full\"><img decoding=\"async\" width=\"945\" height=\"630\" data-attachment-id=\"107643\" data-permalink=\"https:\/\/eldiariodesanpedro.com.ar\/sitio\/salazar-recibio-al-subadministrador-de-vialidad-provincial-por-la-repavimentacion-de-la-ruta-1001\/whatsapp-image-2022-06-02-at-8-11-38-pm\/\" data-orig-file=\"https:\/\/eldiariodesanpedro.com.ar\/sitio\/wp-content\/uploads\/2022\/06\/WhatsApp-Image-2022-06-02-at-8.11.38-PM.jpeg\" data-orig-size=\"945,630\" data-comments-opened=\"0\" data-image-meta=\"{&quot;aperture&quot;:&quot;0&quot;,&quot;credit&quot;:&quot;&quot;,&quot;camera&quot;:&quot;&quot;,&quot;caption&quot;:&quot;&quot;,&quot;created_timestamp&quot;:&quot;0&quot;,&quot;copyright&quot;:&quot;&quot;,&quot;focal_length&quot;:&quot;0&quot;,&quot;iso&quot;:&quot;0&quot;,&quot;shutter_speed&quot;:&quot;0&quot;,&quot;title&quot;:&quot;&quot;,&quot;orientation&quot;:&quot;0&quot;}\" data-image-title=\"WhatsApp Image 2022-06-02 at 8.11.38 PM\" data-image-description=\"\" data-image-caption=\"\" data-large-file=\"https:\/\/eldiariodesanpedro.com.ar\/sitio\/wp-content\/uploads\/2022\/06\/WhatsApp-Image-2022-06-02-at-8.11.38-PM.jpeg\" data-src=\"https:\/\/eldiariodesanpedro.com.ar\/sitio\/wp-content\/uploads\/2022\/06\/WhatsApp-Image-2022-06-02-at-8.11.38-PM.jpeg\" alt=\"\" class=\"wp-image-107643 lazyload\" data-srcset=\"https:\/\/eldiariodesanpedro.com.ar\/sitio\/wp-content\/uploads\/2022\/06\/WhatsApp-Image-2022-06-02-at-8.11.38-PM.jpeg 945w, https:\/\/eldiariodesanpedro.com.ar\/sitio\/wp-content\/uploads\/2022\/06\/WhatsApp-Image-2022-06-02-at-8.11.38-PM-300x200.jpeg 300w, https:\/\/eldiariodesanpedro.com.ar\/sitio\/wp-content\/uploads\/2022\/06\/WhatsApp-Image-2022-06-02-at-8.11.38-PM-768x512.jpeg 768w\" data-sizes=\"(max-width: 945px) 100vw, 945px\" src=\"data:image\/svg+xml;base64,PHN2ZyB3aWR0aD0iMSIgaGVpZ2h0PSIxIiB4bWxucz0iaHR0cDovL3d3dy53My5vcmcvMjAwMC9zdmciPjwvc3ZnPg==\" style=\"--smush-placeholder-width: 945px; --smush-placeholder-aspect-ratio: 945\/630;\" \/><\/figure>\n\n\n\n<figure class=\"wp-block-image size-large\"><img decoding=\"async\" width=\"1024\" height=\"608\" data-attachment-id=\"107644\" data-permalink=\"https:\/\/eldiariodesanpedro.com.ar\/sitio\/salazar-recibio-al-subadministrador-de-vialidad-provincial-por-la-repavimentacion-de-la-ruta-1001\/whatsapp-image-2022-06-02-at-8-11-41-pm\/\" data-orig-file=\"https:\/\/eldiariodesanpedro.com.ar\/sitio\/wp-content\/uploads\/2022\/06\/WhatsApp-Image-2022-06-02-at-8.11.41-PM.jpeg\" data-orig-size=\"1061,630\" data-comments-opened=\"0\" data-image-meta=\"{&quot;aperture&quot;:&quot;0&quot;,&quot;credit&quot;:&quot;&quot;,&quot;camera&quot;:&quot;&quot;,&quot;caption&quot;:&quot;&quot;,&quot;created_timestamp&quot;:&quot;0&quot;,&quot;copyright&quot;:&quot;&quot;,&quot;focal_length&quot;:&quot;0&quot;,&quot;iso&quot;:&quot;0&quot;,&quot;shutter_speed&quot;:&quot;0&quot;,&quot;title&quot;:&quot;&quot;,&quot;orientation&quot;:&quot;0&quot;}\" data-image-title=\"WhatsApp Image 2022-06-02 at 8.11.41 PM\" data-image-description=\"\" data-image-caption=\"\" data-large-file=\"https:\/\/eldiariodesanpedro.com.ar\/sitio\/wp-content\/uploads\/2022\/06\/WhatsApp-Image-2022-06-02-at-8.11.41-PM-1024x608.jpeg\" data-src=\"https:\/\/eldiariodesanpedro.com.ar\/sitio\/wp-content\/uploads\/2022\/06\/WhatsApp-Image-2022-06-02-at-8.11.41-PM-1024x608.jpeg\" alt=\"\" class=\"wp-image-107644 lazyload\" data-srcset=\"https:\/\/eldiariodesanpedro.com.ar\/sitio\/wp-content\/uploads\/2022\/06\/WhatsApp-Image-2022-06-02-at-8.11.41-PM-1024x608.jpeg 1024w, https:\/\/eldiariodesanpedro.com.ar\/sitio\/wp-content\/uploads\/2022\/06\/WhatsApp-Image-2022-06-02-at-8.11.41-PM-300x178.jpeg 300w, https:\/\/eldiariodesanpedro.com.ar\/sitio\/wp-content\/uploads\/2022\/06\/WhatsApp-Image-2022-06-02-at-8.11.41-PM-768x456.jpeg 768w, https:\/\/eldiariodesanpedro.com.ar\/sitio\/wp-content\/uploads\/2022\/06\/WhatsApp-Image-2022-06-02-at-8.11.41-PM.jpeg 1061w\" data-sizes=\"(max-width: 1024px) 100vw, 1024px\" src=\"data:image\/svg+xml;base64,PHN2ZyB3aWR0aD0iMSIgaGVpZ2h0PSIxIiB4bWxucz0iaHR0cDovL3d3dy53My5vcmcvMjAwMC9zdmciPjwvc3ZnPg==\" style=\"--smush-placeholder-width: 1024px; --smush-placeholder-aspect-ratio: 1024\/608;\" \/><\/figure>\n\n\n\n<figure class=\"wp-block-image size-full\"><img decoding=\"async\" width=\"945\" height=\"630\" data-attachment-id=\"107646\" data-permalink=\"https:\/\/eldiariodesanpedro.com.ar\/sitio\/salazar-recibio-al-subadministrador-de-vialidad-provincial-por-la-repavimentacion-de-la-ruta-1001\/whatsapp-image-2022-06-02-at-8-11-38-pm-1\/\" data-orig-file=\"https:\/\/eldiariodesanpedro.com.ar\/sitio\/wp-content\/uploads\/2022\/06\/WhatsApp-Image-2022-06-02-at-8.11.38-PM-1.jpeg\" data-orig-size=\"945,630\" data-comments-opened=\"0\" data-image-meta=\"{&quot;aperture&quot;:&quot;0&quot;,&quot;credit&quot;:&quot;&quot;,&quot;camera&quot;:&quot;&quot;,&quot;caption&quot;:&quot;&quot;,&quot;created_timestamp&quot;:&quot;0&quot;,&quot;copyright&quot;:&quot;&quot;,&quot;focal_length&quot;:&quot;0&quot;,&quot;iso&quot;:&quot;0&quot;,&quot;shutter_speed&quot;:&quot;0&quot;,&quot;title&quot;:&quot;&quot;,&quot;orientation&quot;:&quot;0&quot;}\" data-image-title=\"WhatsApp-Image-2022-06-02-at-8.11.38-PM-1\" data-image-description=\"\" data-image-caption=\"\" data-large-file=\"https:\/\/eldiariodesanpedro.com.ar\/sitio\/wp-content\/uploads\/2022\/06\/WhatsApp-Image-2022-06-02-at-8.11.38-PM-1.jpeg\" data-src=\"https:\/\/eldiariodesanpedro.com.ar\/sitio\/wp-content\/uploads\/2022\/06\/WhatsApp-Image-2022-06-02-at-8.11.38-PM-1.jpeg\" alt=\"\" class=\"wp-image-107646 lazyload\" data-srcset=\"https:\/\/eldiariodesanpedro.com.ar\/sitio\/wp-content\/uploads\/2022\/06\/WhatsApp-Image-2022-06-02-at-8.11.38-PM-1.jpeg 945w, https:\/\/eldiariodesanpedro.com.ar\/sitio\/wp-content\/uploads\/2022\/06\/WhatsApp-Image-2022-06-02-at-8.11.38-PM-1-300x200.jpeg 300w, https:\/\/eldiariodesanpedro.com.ar\/sitio\/wp-content\/uploads\/2022\/06\/WhatsApp-Image-2022-06-02-at-8.11.38-PM-1-768x512.jpeg 768w\" data-sizes=\"(max-width: 945px) 100vw, 945px\" src=\"data:image\/svg+xml;base64,PHN2ZyB3aWR0aD0iMSIgaGVpZ2h0PSIxIiB4bWxucz0iaHR0cDovL3d3dy53My5vcmcvMjAwMC9zdmciPjwvc3ZnPg==\" style=\"--smush-placeholder-width: 945px; --smush-placeholder-aspect-ratio: 945\/630;\" \/><\/figure>\n","protected":false},"excerpt":{"rendered":"<p>Esta ma\u00f1ana el Intendente Dr. Ram\u00f3n Salazar recorri\u00f3 junto al Subadministrador de Vialidad Provincial, Mart\u00edn Fraschetti y su equipo t\u00e9cnico diferentes puntos de la ciudad para ultimar detalles en el proyecto de repavimentaci\u00f3n de la Ruta 1001 luego de la confirmaci\u00f3n de que el Gobierno de la Provincia de Buenos Aires que encabeza Axel Kicillof, [&hellip;]<\/p>\n","protected":false},"author":4,"featured_media":107642,"comment_status":"closed","ping_status":"closed","sticky":false,"template":"","format":"standard","meta":{"om_disable_all_campaigns":false,"_jetpack_memberships_contains_paid_content":false,"footnotes":""},"categories":[50,101,2],"tags":[197,696,33,19],"class_list":["post-107641","post","type-post","status-publish","format-standard","has-post-thumbnail","hentry","category-destacadas","category-interes-general-locales","category-locales","tag-buenos-aires","tag-interes-general","tag-locales","tag-san-pedro"],"aioseo_notices":[],"gutentor_comment":0,"jetpack_featured_media_url":"https:\/\/eldiariodesanpedro.com.ar\/sitio\/wp-content\/uploads\/2022\/06\/WhatsApp-Image-2022-06-02-at-8.11.37-PM.jpeg","jetpack_shortlink":"https:\/\/wp.me\/p6RhLt-s09","jetpack_sharing_enabled":true,"_links":{"self":[{"href":"https:\/\/eldiariodesanpedro.com.ar\/sitio\/wp-json\/wp\/v2\/posts\/107641","targetHints":{"allow":["GET"]}}],"collection":[{"href":"https:\/\/eldiariodesanpedro.com.ar\/sitio\/wp-json\/wp\/v2\/posts"}],"about":[{"href":"https:\/\/eldiariodesanpedro.com.ar\/sitio\/wp-json\/wp\/v2\/types\/post"}],"author":[{"embeddable":true,"href":"https:\/\/eldiariodesanpedro.com.ar\/sitio\/wp-json\/wp\/v2\/users\/4"}],"replies":[{"embeddable":true,"href":"https:\/\/eldiariodesanpedro.com.ar\/sitio\/wp-json\/wp\/v2\/comments?post=107641"}],"version-history":[{"count":2,"href":"https:\/\/eldiariodesanpedro.com.ar\/sitio\/wp-json\/wp\/v2\/posts\/107641\/revisions"}],"predecessor-version":[{"id":107647,"href":"https:\/\/eldiariodesanpedro.com.ar\/sitio\/wp-json\/wp\/v2\/posts\/107641\/revisions\/107647"}],"wp:featuredmedia":[{"embeddable":true,"href":"https:\/\/eldiariodesanpedro.com.ar\/sitio\/wp-json\/wp\/v2\/media\/107642"}],"wp:attachment":[{"href":"https:\/\/eldiariodesanpedro.com.ar\/sitio\/wp-json\/wp\/v2\/media?parent=107641"}],"wp:term":[{"taxonomy":"category","embeddable":true,"href":"https:\/\/eldiariodesanpedro.com.ar\/sitio\/wp-json\/wp\/v2\/categories?post=107641"},{"taxonomy":"post_tag","embeddable":true,"href":"https:\/\/eldiariodesanpedro.com.ar\/sitio\/wp-json\/wp\/v2\/tags?post=107641"}],"curies":[{"name":"wp","href":"https:\/\/api.w.org\/{rel}","templated":true}]}}