{"id":107638,"date":"2022-06-03T09:41:27","date_gmt":"2022-06-03T12:41:27","guid":{"rendered":"https:\/\/eldiariodesanpedro.com.ar\/sitio\/?p=107638"},"modified":"2022-06-03T09:41:28","modified_gmt":"2022-06-03T12:41:28","slug":"se-desarrollara-en-san-pedro-el-24o-pleno-del-consejo-de-las-comunidades-baleares-en-el-exterior","status":"publish","type":"post","link":"https:\/\/eldiariodesanpedro.com.ar\/sitio\/se-desarrollara-en-san-pedro-el-24o-pleno-del-consejo-de-las-comunidades-baleares-en-el-exterior\/","title":{"rendered":"Se desarrollar\u00e1 en San Pedro el 24\u00ba Pleno del Consejo de las Comunidades Baleares en el Exterior"},"content":{"rendered":"<!-- VideographyWP Plugin Message: Automatic video embedding prevented by plugin options. -->\n\n<p>La presidenta del Govern de las Islas Baleares, Francina Armengol visitar\u00e1 San Pedro en el marco del XXIV Pleno del Consejo de las Comunidades Baleares en el Exterior que se desarrollar\u00e1 este fin de semana en la ciudad y reunir\u00e1 a las 21 comunidades de emigrantes de las islas y sus descendientes.<\/p>\n\n\n\n<p>El anuncio se realiz\u00f3 a trav\u00e9s de una conferencia de prensa de la que participaron el Secretario de Gobierno Alfredo Carrasco, la Secretaria de Turismo y Cultura Marcela Cu\u00f1er, el Presidente de la Agrupaci\u00f3n Mallorca de San Pedro Daniel Gay\u00e1 y el Vicepresidente Jorge Rigo.<\/p>\n\n\n\n<p>El Consejo, que se celebra cada dos a\u00f1os, comenzar\u00e1 el viernes con la recepci\u00f3n de autoridades del Govern Balear y los representantes de las Casas Baleares asistentes y se desarrollar\u00e1 durante los d\u00edas s\u00e1bados y domingo con diferentes actividades.<\/p>\n\n\n\n<p>Junto a la presidenta Armengol viajar\u00e1n la consellera de Presidencia, Funci\u00f3n P\u00fablica e Igualdad, Mercedes Garrido, y del director general de Relaciones Institucionales y Cooperaci\u00f3n Local, Francesc Miralles, quienes visitar\u00e1n durante su recorrida institucional Capital Federal, Rosario y San Pedro.<\/p>\n","protected":false},"excerpt":{"rendered":"<p>La presidenta del Govern de las Islas Baleares, Francina Armengol visitar\u00e1 San Pedro en el marco del XXIV Pleno del Consejo de las Comunidades Baleares en el Exterior que se desarrollar\u00e1 este fin de semana en la ciudad y reunir\u00e1 a las 21 comunidades de emigrantes de las islas y sus descendientes. El anuncio se [&hellip;]<\/p>\n","protected":false},"author":4,"featured_media":107639,"comment_status":"closed","ping_status":"closed","sticky":false,"template":"","format":"standard","meta":{"om_disable_all_campaigns":false,"_jetpack_memberships_contains_paid_content":false,"footnotes":""},"categories":[101,2],"tags":[197,696,33,19],"class_list":["post-107638","post","type-post","status-publish","format-standard","has-post-thumbnail","hentry","category-interes-general-locales","category-locales","tag-buenos-aires","tag-interes-general","tag-locales","tag-san-pedro"],"aioseo_notices":[],"gutentor_comment":0,"jetpack_featured_media_url":"https:\/\/eldiariodesanpedro.com.ar\/sitio\/wp-content\/uploads\/2022\/06\/WhatsApp-Image-2022-06-02-at-3.02.31-PM.jpeg","jetpack_shortlink":"https:\/\/wp.me\/p6RhLt-s06","jetpack_sharing_enabled":true,"_links":{"self":[{"href":"https:\/\/eldiariodesanpedro.com.ar\/sitio\/wp-json\/wp\/v2\/posts\/107638","targetHints":{"allow":["GET"]}}],"collection":[{"href":"https:\/\/eldiariodesanpedro.com.ar\/sitio\/wp-json\/wp\/v2\/posts"}],"about":[{"href":"https:\/\/eldiariodesanpedro.com.ar\/sitio\/wp-json\/wp\/v2\/types\/post"}],"author":[{"embeddable":true,"href":"https:\/\/eldiariodesanpedro.com.ar\/sitio\/wp-json\/wp\/v2\/users\/4"}],"replies":[{"embeddable":true,"href":"https:\/\/eldiariodesanpedro.com.ar\/sitio\/wp-json\/wp\/v2\/comments?post=107638"}],"version-history":[{"count":1,"href":"https:\/\/eldiariodesanpedro.com.ar\/sitio\/wp-json\/wp\/v2\/posts\/107638\/revisions"}],"predecessor-version":[{"id":107640,"href":"https:\/\/eldiariodesanpedro.com.ar\/sitio\/wp-json\/wp\/v2\/posts\/107638\/revisions\/107640"}],"wp:featuredmedia":[{"embeddable":true,"href":"https:\/\/eldiariodesanpedro.com.ar\/sitio\/wp-json\/wp\/v2\/media\/107639"}],"wp:attachment":[{"href":"https:\/\/eldiariodesanpedro.com.ar\/sitio\/wp-json\/wp\/v2\/media?parent=107638"}],"wp:term":[{"taxonomy":"category","embeddable":true,"href":"https:\/\/eldiariodesanpedro.com.ar\/sitio\/wp-json\/wp\/v2\/categories?post=107638"},{"taxonomy":"post_tag","embeddable":true,"href":"https:\/\/eldiariodesanpedro.com.ar\/sitio\/wp-json\/wp\/v2\/tags?post=107638"}],"curies":[{"name":"wp","href":"https:\/\/api.w.org\/{rel}","templated":true}]}}