{"id":107633,"date":"2022-06-03T09:27:17","date_gmt":"2022-06-03T12:27:17","guid":{"rendered":"https:\/\/eldiariodesanpedro.com.ar\/sitio\/?p=107633"},"modified":"2022-06-03T09:27:18","modified_gmt":"2022-06-03T12:27:18","slug":"3j-actividades-en-el-marco-de-la-jornada-del-ni-una-menos","status":"publish","type":"post","link":"https:\/\/eldiariodesanpedro.com.ar\/sitio\/3j-actividades-en-el-marco-de-la-jornada-del-ni-una-menos\/","title":{"rendered":"#3J: Actividades en el marco de la jornada del Ni Una Menos"},"content":{"rendered":"<!-- VideographyWP Plugin Message: Automatic video embedding prevented by plugin options. -->\n\n<p>La secretar\u00eda de Pol\u00edticas de G\u00e9nero, Mujeres y Diversidad de la municipalidad de San Pedro concretar\u00e1 este viernes 3, en conjunto con la comisar\u00eda de la Mujer y la Familia, una jornada de concientizaci\u00f3n y visibilizaci\u00f3n en la intersecci\u00f3n de la ex Peatonal de calle Obligado y Mitre.<\/p>\n\n\n\n<p>En el lugar, desde las 10.00, responsables y profesionales de las \u00e1reas atender\u00e1n consultas y responder\u00e1n inquietudes de quienes se acerquen a tal fin.<\/p>\n\n\n\n<p>Adem\u00e1s, continuando con las actividades, esta vez en conjunto con la Mesa Local de Atenci\u00f3n y Prevenci\u00f3n de la Violencia de G\u00e9nero y Familiar, el s\u00e1bado 4 se realizar\u00e1 en la Plaza San Mart\u00edn de Gobernador Castro, un festival con artistas locales, feriantes, emprendedores, stands institucionales, actividades l\u00fadicas para todas las edades y charlas a cargo de los equipos de la secretar\u00eda de Pol\u00edticas de G\u00e9nero, Mujeres y Diversidad.<\/p>\n\n\n\n<p>Las actividades ser\u00e1n abiertas a toda la familia y se concretar\u00e1n en la localidad desde las 14.00.<\/p>\n\n\n\n<p>Esperamos contar con su presencia.<\/p>\n\n\n\n<figure class=\"wp-block-image size-full\"><img decoding=\"async\" width=\"630\" height=\"630\" data-attachment-id=\"107635\" data-permalink=\"https:\/\/eldiariodesanpedro.com.ar\/sitio\/3j-actividades-en-el-marco-de-la-jornada-del-ni-una-menos\/whatsapp-image-2022-06-02-at-11-48-14-am\/\" data-orig-file=\"https:\/\/eldiariodesanpedro.com.ar\/sitio\/wp-content\/uploads\/2022\/06\/WhatsApp-Image-2022-06-02-at-11.48.14-AM.jpeg\" data-orig-size=\"630,630\" data-comments-opened=\"0\" data-image-meta=\"{&quot;aperture&quot;:&quot;0&quot;,&quot;credit&quot;:&quot;&quot;,&quot;camera&quot;:&quot;&quot;,&quot;caption&quot;:&quot;&quot;,&quot;created_timestamp&quot;:&quot;0&quot;,&quot;copyright&quot;:&quot;&quot;,&quot;focal_length&quot;:&quot;0&quot;,&quot;iso&quot;:&quot;0&quot;,&quot;shutter_speed&quot;:&quot;0&quot;,&quot;title&quot;:&quot;&quot;,&quot;orientation&quot;:&quot;0&quot;}\" data-image-title=\"WhatsApp-Image-2022-06-02-at-11.48.14-AM\" data-image-description=\"\" data-image-caption=\"\" data-large-file=\"https:\/\/eldiariodesanpedro.com.ar\/sitio\/wp-content\/uploads\/2022\/06\/WhatsApp-Image-2022-06-02-at-11.48.14-AM.jpeg\" data-src=\"https:\/\/eldiariodesanpedro.com.ar\/sitio\/wp-content\/uploads\/2022\/06\/WhatsApp-Image-2022-06-02-at-11.48.14-AM.jpeg\" alt=\"\" class=\"wp-image-107635 lazyload\" data-srcset=\"https:\/\/eldiariodesanpedro.com.ar\/sitio\/wp-content\/uploads\/2022\/06\/WhatsApp-Image-2022-06-02-at-11.48.14-AM.jpeg 630w, https:\/\/eldiariodesanpedro.com.ar\/sitio\/wp-content\/uploads\/2022\/06\/WhatsApp-Image-2022-06-02-at-11.48.14-AM-300x300.jpeg 300w, https:\/\/eldiariodesanpedro.com.ar\/sitio\/wp-content\/uploads\/2022\/06\/WhatsApp-Image-2022-06-02-at-11.48.14-AM-150x150.jpeg 150w\" data-sizes=\"(max-width: 630px) 100vw, 630px\" src=\"data:image\/svg+xml;base64,PHN2ZyB3aWR0aD0iMSIgaGVpZ2h0PSIxIiB4bWxucz0iaHR0cDovL3d3dy53My5vcmcvMjAwMC9zdmciPjwvc3ZnPg==\" style=\"--smush-placeholder-width: 630px; --smush-placeholder-aspect-ratio: 630\/630;\" \/><\/figure>\n\n\n\n<figure class=\"wp-block-image size-full\"><img decoding=\"async\" width=\"445\" height=\"630\" data-attachment-id=\"107634\" data-permalink=\"https:\/\/eldiariodesanpedro.com.ar\/sitio\/3j-actividades-en-el-marco-de-la-jornada-del-ni-una-menos\/whatsapp-image-2022-06-02-at-11-48-15-am\/\" data-orig-file=\"https:\/\/eldiariodesanpedro.com.ar\/sitio\/wp-content\/uploads\/2022\/06\/WhatsApp-Image-2022-06-02-at-11.48.15-AM.jpeg\" data-orig-size=\"445,630\" data-comments-opened=\"0\" data-image-meta=\"{&quot;aperture&quot;:&quot;0&quot;,&quot;credit&quot;:&quot;&quot;,&quot;camera&quot;:&quot;&quot;,&quot;caption&quot;:&quot;&quot;,&quot;created_timestamp&quot;:&quot;0&quot;,&quot;copyright&quot;:&quot;&quot;,&quot;focal_length&quot;:&quot;0&quot;,&quot;iso&quot;:&quot;0&quot;,&quot;shutter_speed&quot;:&quot;0&quot;,&quot;title&quot;:&quot;&quot;,&quot;orientation&quot;:&quot;0&quot;}\" data-image-title=\"WhatsApp-Image-2022-06-02-at-11.48.15-AM\" data-image-description=\"\" data-image-caption=\"\" data-large-file=\"https:\/\/eldiariodesanpedro.com.ar\/sitio\/wp-content\/uploads\/2022\/06\/WhatsApp-Image-2022-06-02-at-11.48.15-AM.jpeg\" data-src=\"https:\/\/eldiariodesanpedro.com.ar\/sitio\/wp-content\/uploads\/2022\/06\/WhatsApp-Image-2022-06-02-at-11.48.15-AM.jpeg\" alt=\"\" class=\"wp-image-107634 lazyload\" data-srcset=\"https:\/\/eldiariodesanpedro.com.ar\/sitio\/wp-content\/uploads\/2022\/06\/WhatsApp-Image-2022-06-02-at-11.48.15-AM.jpeg 445w, https:\/\/eldiariodesanpedro.com.ar\/sitio\/wp-content\/uploads\/2022\/06\/WhatsApp-Image-2022-06-02-at-11.48.15-AM-212x300.jpeg 212w\" data-sizes=\"(max-width: 445px) 100vw, 445px\" src=\"data:image\/svg+xml;base64,PHN2ZyB3aWR0aD0iMSIgaGVpZ2h0PSIxIiB4bWxucz0iaHR0cDovL3d3dy53My5vcmcvMjAwMC9zdmciPjwvc3ZnPg==\" style=\"--smush-placeholder-width: 445px; --smush-placeholder-aspect-ratio: 445\/630;\" \/><\/figure>\n","protected":false},"excerpt":{"rendered":"<p>La secretar\u00eda de Pol\u00edticas de G\u00e9nero, Mujeres y Diversidad de la municipalidad de San Pedro concretar\u00e1 este viernes 3, en conjunto con la comisar\u00eda de la Mujer y la Familia, una jornada de concientizaci\u00f3n y visibilizaci\u00f3n en la intersecci\u00f3n de la ex Peatonal de calle Obligado y Mitre. En el lugar, desde las 10.00, responsables [&hellip;]<\/p>\n","protected":false},"author":4,"featured_media":107636,"comment_status":"closed","ping_status":"closed","sticky":false,"template":"","format":"standard","meta":{"om_disable_all_campaigns":false,"_jetpack_memberships_contains_paid_content":false,"footnotes":""},"categories":[101,2],"tags":[197,696,33,19],"class_list":["post-107633","post","type-post","status-publish","format-standard","has-post-thumbnail","hentry","category-interes-general-locales","category-locales","tag-buenos-aires","tag-interes-general","tag-locales","tag-san-pedro"],"aioseo_notices":[],"gutentor_comment":0,"jetpack_featured_media_url":"https:\/\/eldiariodesanpedro.com.ar\/sitio\/wp-content\/uploads\/2022\/06\/ni.una_.menos_.mujeres.feminismo-2-e1559655965149.jpg","jetpack_shortlink":"https:\/\/wp.me\/p6RhLt-s01","jetpack_sharing_enabled":true,"_links":{"self":[{"href":"https:\/\/eldiariodesanpedro.com.ar\/sitio\/wp-json\/wp\/v2\/posts\/107633","targetHints":{"allow":["GET"]}}],"collection":[{"href":"https:\/\/eldiariodesanpedro.com.ar\/sitio\/wp-json\/wp\/v2\/posts"}],"about":[{"href":"https:\/\/eldiariodesanpedro.com.ar\/sitio\/wp-json\/wp\/v2\/types\/post"}],"author":[{"embeddable":true,"href":"https:\/\/eldiariodesanpedro.com.ar\/sitio\/wp-json\/wp\/v2\/users\/4"}],"replies":[{"embeddable":true,"href":"https:\/\/eldiariodesanpedro.com.ar\/sitio\/wp-json\/wp\/v2\/comments?post=107633"}],"version-history":[{"count":1,"href":"https:\/\/eldiariodesanpedro.com.ar\/sitio\/wp-json\/wp\/v2\/posts\/107633\/revisions"}],"predecessor-version":[{"id":107637,"href":"https:\/\/eldiariodesanpedro.com.ar\/sitio\/wp-json\/wp\/v2\/posts\/107633\/revisions\/107637"}],"wp:featuredmedia":[{"embeddable":true,"href":"https:\/\/eldiariodesanpedro.com.ar\/sitio\/wp-json\/wp\/v2\/media\/107636"}],"wp:attachment":[{"href":"https:\/\/eldiariodesanpedro.com.ar\/sitio\/wp-json\/wp\/v2\/media?parent=107633"}],"wp:term":[{"taxonomy":"category","embeddable":true,"href":"https:\/\/eldiariodesanpedro.com.ar\/sitio\/wp-json\/wp\/v2\/categories?post=107633"},{"taxonomy":"post_tag","embeddable":true,"href":"https:\/\/eldiariodesanpedro.com.ar\/sitio\/wp-json\/wp\/v2\/tags?post=107633"}],"curies":[{"name":"wp","href":"https:\/\/api.w.org\/{rel}","templated":true}]}}