{"id":107631,"date":"2022-06-03T09:09:43","date_gmt":"2022-06-03T12:09:43","guid":{"rendered":"https:\/\/eldiariodesanpedro.com.ar\/sitio\/?p=107631"},"modified":"2022-06-03T09:09:44","modified_gmt":"2022-06-03T12:09:44","slug":"ni-una-menos-2022-habra-marchas-en-todo-el-pais","status":"publish","type":"post","link":"https:\/\/eldiariodesanpedro.com.ar\/sitio\/ni-una-menos-2022-habra-marchas-en-todo-el-pais\/","title":{"rendered":"Ni Una Menos 2022: habr\u00e1 marchas en todo el pa\u00eds"},"content":{"rendered":"<!-- VideographyWP Plugin Message: Automatic video embedding prevented by plugin options. -->\n\n<p>A siete a\u00f1os del primer Ni una menos, la convocatoria principal ser\u00e1 al Congreso bajo el lema \u00abVivas, libres y desendeudadas nos queremos!\u00bb<\/p>\n\n\n\n<p>Bajo el lema de\u00a0<strong>\u00abVivas, libres y desendeudadas nos queremos, el Estado es responsable!\u00bb\u00a0<\/strong>este viernes<strong><strong class=\"\">\u00a03 de junio\u00a0<\/strong><\/strong>se estar\u00e1n realizando movilizaciones del\u00a0<strong>Ni una menos<\/strong>\u00a0en todo el pa\u00eds. La\u00a0<strong>convocatoria<\/strong>\u00a0principal se estar\u00e1 desarrollando en el\u00a0<strong>Congreso\u00a0de la Naci\u00f3n.<\/strong>\u00a0<strong>Conoc\u00e9 el esquema de actividades.<\/strong><\/p>\n\n\n\n<p>En su s\u00e9ptima edici\u00f3n, las marchas por el Ni una menos en reclamo en contra de toda violencia machista se estar\u00e1n llevando a cabo durante la tarde de este viernes en simult\u00e1neo con el acto central, que ser\u00e1 como todos los a\u00f1os frente al Congreso.<\/p>\n\n\n\n<p><a href=\"https:\/\/media.infocielo.com\/p\/cd9d37a49c28410bcd1a645efee70752\/adjuntos\/299\/imagenes\/001\/299\/0001299451\/887x0\/smart\/ni-una-menosjpg.jpg\"><\/a><\/p>\n","protected":false},"excerpt":{"rendered":"<p>A siete a\u00f1os del primer Ni una menos, la convocatoria principal ser\u00e1 al Congreso bajo el lema \u00abVivas, libres y desendeudadas nos queremos!\u00bb Bajo el lema de\u00a0\u00abVivas, libres y desendeudadas nos queremos, el Estado es responsable!\u00bb\u00a0este viernes\u00a03 de junio\u00a0se estar\u00e1n realizando movilizaciones del\u00a0Ni una menos\u00a0en todo el pa\u00eds. La\u00a0convocatoria\u00a0principal se estar\u00e1 desarrollando en el\u00a0Congreso\u00a0de la [&hellip;]<\/p>\n","protected":false},"author":4,"featured_media":48596,"comment_status":"closed","ping_status":"closed","sticky":false,"template":"","format":"standard","meta":{"om_disable_all_campaigns":false,"_jetpack_memberships_contains_paid_content":false,"footnotes":""},"categories":[101,2],"tags":[197,696,33,19],"class_list":["post-107631","post","type-post","status-publish","format-standard","has-post-thumbnail","hentry","category-interes-general-locales","category-locales","tag-buenos-aires","tag-interes-general","tag-locales","tag-san-pedro"],"aioseo_notices":[],"gutentor_comment":0,"jetpack_featured_media_url":"https:\/\/eldiariodesanpedro.com.ar\/sitio\/wp-content\/uploads\/2019\/03\/ni_una_menos_marcha_8m_0.jpg","jetpack_shortlink":"https:\/\/wp.me\/p6RhLt-rZZ","jetpack_sharing_enabled":true,"_links":{"self":[{"href":"https:\/\/eldiariodesanpedro.com.ar\/sitio\/wp-json\/wp\/v2\/posts\/107631","targetHints":{"allow":["GET"]}}],"collection":[{"href":"https:\/\/eldiariodesanpedro.com.ar\/sitio\/wp-json\/wp\/v2\/posts"}],"about":[{"href":"https:\/\/eldiariodesanpedro.com.ar\/sitio\/wp-json\/wp\/v2\/types\/post"}],"author":[{"embeddable":true,"href":"https:\/\/eldiariodesanpedro.com.ar\/sitio\/wp-json\/wp\/v2\/users\/4"}],"replies":[{"embeddable":true,"href":"https:\/\/eldiariodesanpedro.com.ar\/sitio\/wp-json\/wp\/v2\/comments?post=107631"}],"version-history":[{"count":1,"href":"https:\/\/eldiariodesanpedro.com.ar\/sitio\/wp-json\/wp\/v2\/posts\/107631\/revisions"}],"predecessor-version":[{"id":107632,"href":"https:\/\/eldiariodesanpedro.com.ar\/sitio\/wp-json\/wp\/v2\/posts\/107631\/revisions\/107632"}],"wp:featuredmedia":[{"embeddable":true,"href":"https:\/\/eldiariodesanpedro.com.ar\/sitio\/wp-json\/wp\/v2\/media\/48596"}],"wp:attachment":[{"href":"https:\/\/eldiariodesanpedro.com.ar\/sitio\/wp-json\/wp\/v2\/media?parent=107631"}],"wp:term":[{"taxonomy":"category","embeddable":true,"href":"https:\/\/eldiariodesanpedro.com.ar\/sitio\/wp-json\/wp\/v2\/categories?post=107631"},{"taxonomy":"post_tag","embeddable":true,"href":"https:\/\/eldiariodesanpedro.com.ar\/sitio\/wp-json\/wp\/v2\/tags?post=107631"}],"curies":[{"name":"wp","href":"https:\/\/api.w.org\/{rel}","templated":true}]}}