{"id":107629,"date":"2022-06-03T09:02:08","date_gmt":"2022-06-03T12:02:08","guid":{"rendered":"https:\/\/eldiariodesanpedro.com.ar\/sitio\/?p=107629"},"modified":"2022-06-03T09:02:09","modified_gmt":"2022-06-03T12:02:09","slug":"anses-quienes-cobran-hoy-3-de-junio-jubilaciones-auh-suaf-aue","status":"publish","type":"post","link":"https:\/\/eldiariodesanpedro.com.ar\/sitio\/anses-quienes-cobran-hoy-3-de-junio-jubilaciones-auh-suaf-aue\/","title":{"rendered":"ANSES: qui\u00e9nes cobran hoy, 3 de junio, jubilaciones, AUH, SUAF, AUE"},"content":{"rendered":"<!-- VideographyWP Plugin Message: Automatic video embedding prevented by plugin options. -->\n\n<p>Contin\u00faa el calendario de pagos de Anses correspondiente al mes de junio. Mir\u00e1 qui\u00e9nes cobran este viernes 3 de junio.<\/p>\n\n\n\n<p>La<strong>\u00a0Administraci\u00f3n Nacional de la Seguridad Social (<a href=\"https:\/\/infocielo.com\/anses-a421\">ANSES<\/a>)<\/strong>\u00a0contin\u00faa su\u00a0<a href=\"https:\/\/infocielo.com\/calendario-a2290\">calendario<\/a>\u00a0de pagos correspondiente al mes de\u00a0<a href=\"https:\/\/infocielo.com\/junio-a8700\">junio<\/a>\u00a0de 2022. En el mismo, constan las fechas de cobro de jubilaciones, pensiones, Asignaci\u00f3n Universal por Hijo (AUH), Asignaci\u00f3n Universal por Embarazo, Asignaciones Familiares, Pensiones No Contributivas y Programa Desempleo 1, 2 y 3, entre otros beneficios del organismo previsional.<\/p>\n\n\n\n<h2 class=\"wp-block-heading\">\u00bfQui\u00e9nes cobran Anses este viernes 3 de junio?<\/h2>\n\n\n\n<p>Este d\u00eda h\u00e1bil de junio cobran los\u00a0<strong>beneficiarios y las beneficiarias de Pensiones No Contributivas (PNC) y Programa Alimentario extraordinario de PAMI, que tengan como terminaci\u00f3n de su DNI los n\u00fameros 4 y 5, y quienes sean parte del Plan Desempleo 2 y 3<\/strong>. Se trata del pago del haber correspondiente al mes en curso.<\/p>\n\n\n\n<h2 class=\"wp-block-heading\">Calendario de cobro de Pensiones No Contributivas<\/h2>\n\n\n\n<ul class=\"wp-block-list\"><li>DNI terminado en 4 y 5: 3 de junio.<\/li><li>DNI terminado en 6 y 7: 6 de junio.<\/li><li>DNI terminado en 8 y 9: 7 de junio.<\/li><\/ul>\n\n\n\n<h2 class=\"wp-block-heading\">Calendario de cobro de Programa Alimentario de PAMI para PNC<\/h2>\n\n\n\n<p>El Programa Alimentario de PAMI para jubilados y pensionados ANSES es un monto que paga la obra social en reemplazo del bols\u00f3n de alimentos. Los jubilados y pensionados ANSES inscriptos en el Programa Alimentario PAMI, cobrar\u00e1n desde una suma base de $ 1375 hasta $ 3094. El monto a cobrar se acreditar\u00e1 de acuerdo a la terminaci\u00f3n del DNI, seg\u00fan un calendario oficial.<\/p>\n\n\n\n<ul class=\"wp-block-list\"><li>DNI terminado en 4 y 5: 3 de junio.<\/li><li>DNI terminado en 6 y 7: 6 de junio.<\/li><li>DNI terminado en 8 y 9: 7 de junio.<\/li><\/ul>\n\n\n\n<h2 class=\"wp-block-heading\">Calendario de cobro de Desempleo Plan 2 y 3<\/h2>\n\n\n\n<p>Est\u00e1 dirigido a los trabajadores y trabajadoras asalariados\/as registrados\/as, legalmente despedidos \u201csin justa causa\u201d o \u201cpor fuerza mayor\u201d, o bien que hayan perdido su trabajo por quiebre de la empresa en la que trabajaban.<strong>&nbsp;Los beneficiarios con todas las terminaciones del DNI podr\u00e1n cobrarlo desde el viernes 3 al jueves 9 de junio.<\/strong><\/p>\n\n\n\n<p>La Administraci\u00f3n Nacional de la Seguridad Social (Anses) record\u00f3 que, si bien no tienen que solicitar turno para cobrar este beneficio, deben acercarse a la entidad bancaria \u00fanicamente en la fecha asignada. El resto de las prestaciones comenzar\u00e1 su calendario de pagos en los pr\u00f3ximos d\u00edas.<\/p>\n\n\n\n<p><a href=\"https:\/\/media.infocielo.com\/p\/30ab6a2245f504a85d5f228b788264d0\/adjuntos\/299\/imagenes\/001\/335\/0001335539\/887x0\/smart\/anses-cjpg.jpg\"><\/a><\/p>\n","protected":false},"excerpt":{"rendered":"<p>Contin\u00faa el calendario de pagos de Anses correspondiente al mes de junio. Mir\u00e1 qui\u00e9nes cobran este viernes 3 de junio. La\u00a0Administraci\u00f3n Nacional de la Seguridad Social (ANSES)\u00a0contin\u00faa su\u00a0calendario\u00a0de pagos correspondiente al mes de\u00a0junio\u00a0de 2022. En el mismo, constan las fechas de cobro de jubilaciones, pensiones, Asignaci\u00f3n Universal por Hijo (AUH), Asignaci\u00f3n Universal por Embarazo, Asignaciones [&hellip;]<\/p>\n","protected":false},"author":4,"featured_media":97782,"comment_status":"closed","ping_status":"closed","sticky":false,"template":"","format":"standard","meta":{"om_disable_all_campaigns":false,"_jetpack_memberships_contains_paid_content":false,"footnotes":""},"categories":[101,2],"tags":[197,696,33,19],"class_list":["post-107629","post","type-post","status-publish","format-standard","has-post-thumbnail","hentry","category-interes-general-locales","category-locales","tag-buenos-aires","tag-interes-general","tag-locales","tag-san-pedro"],"aioseo_notices":[],"gutentor_comment":0,"jetpack_featured_media_url":"https:\/\/eldiariodesanpedro.com.ar\/sitio\/wp-content\/uploads\/2021\/08\/anses-nuevo-640x480-1.png","jetpack_shortlink":"https:\/\/wp.me\/p6RhLt-rZX","jetpack_sharing_enabled":true,"_links":{"self":[{"href":"https:\/\/eldiariodesanpedro.com.ar\/sitio\/wp-json\/wp\/v2\/posts\/107629","targetHints":{"allow":["GET"]}}],"collection":[{"href":"https:\/\/eldiariodesanpedro.com.ar\/sitio\/wp-json\/wp\/v2\/posts"}],"about":[{"href":"https:\/\/eldiariodesanpedro.com.ar\/sitio\/wp-json\/wp\/v2\/types\/post"}],"author":[{"embeddable":true,"href":"https:\/\/eldiariodesanpedro.com.ar\/sitio\/wp-json\/wp\/v2\/users\/4"}],"replies":[{"embeddable":true,"href":"https:\/\/eldiariodesanpedro.com.ar\/sitio\/wp-json\/wp\/v2\/comments?post=107629"}],"version-history":[{"count":1,"href":"https:\/\/eldiariodesanpedro.com.ar\/sitio\/wp-json\/wp\/v2\/posts\/107629\/revisions"}],"predecessor-version":[{"id":107630,"href":"https:\/\/eldiariodesanpedro.com.ar\/sitio\/wp-json\/wp\/v2\/posts\/107629\/revisions\/107630"}],"wp:featuredmedia":[{"embeddable":true,"href":"https:\/\/eldiariodesanpedro.com.ar\/sitio\/wp-json\/wp\/v2\/media\/97782"}],"wp:attachment":[{"href":"https:\/\/eldiariodesanpedro.com.ar\/sitio\/wp-json\/wp\/v2\/media?parent=107629"}],"wp:term":[{"taxonomy":"category","embeddable":true,"href":"https:\/\/eldiariodesanpedro.com.ar\/sitio\/wp-json\/wp\/v2\/categories?post=107629"},{"taxonomy":"post_tag","embeddable":true,"href":"https:\/\/eldiariodesanpedro.com.ar\/sitio\/wp-json\/wp\/v2\/tags?post=107629"}],"curies":[{"name":"wp","href":"https:\/\/api.w.org\/{rel}","templated":true}]}}