{"id":107626,"date":"2022-06-02T17:40:37","date_gmt":"2022-06-02T20:40:37","guid":{"rendered":"https:\/\/eldiariodesanpedro.com.ar\/sitio\/?p=107626"},"modified":"2022-06-02T17:40:38","modified_gmt":"2022-06-02T20:40:38","slug":"edicto-de-sucesion-de-marta-susana-capozucca","status":"publish","type":"post","link":"https:\/\/eldiariodesanpedro.com.ar\/sitio\/edicto-de-sucesion-de-marta-susana-capozucca\/","title":{"rendered":"Edicto de Sucesi\u00f3n de Marta Susana Capozucca"},"content":{"rendered":"<!-- VideographyWP Plugin Message: Automatic video embedding prevented by plugin options. -->\n\n<p>El Juzgado de Paz de San Pedro, cita y emplaza por el t\u00e9rmino de 30 d\u00edas a herederos y acreedores de Do\u00f1a <strong>Marta Susana Capozucca<\/strong>.- San Pedro, 16 de Mayo de 2022.-<\/p>\n\n\n\n<p>FACUNDO VELL\u00d3N<br>ABOGADO SECRETARIO<\/p>\n\n\n\n<p>(Publicaci\u00f3n V\u00e1lida por los d\u00edas 02 de junio de 2022)<br><a href=\"https:\/\/notificaciones.scba.gov.ar\/verificarnotificacion.aspx?codNotif=LQ98AKQJ194C\">https:\/\/notificaciones.scba.gov.ar\/verificarnotificacion.aspx?codNotif=LQ98AKQJ194C<\/a><\/p>\n","protected":false},"excerpt":{"rendered":"<p>El Juzgado de Paz de San Pedro, cita y emplaza por el t\u00e9rmino de 30 d\u00edas a herederos y acreedores de Do\u00f1a Marta Susana Capozucca.- San Pedro, 16 de Mayo de 2022.- FACUNDO VELL\u00d3NABOGADO SECRETARIO (Publicaci\u00f3n V\u00e1lida por los d\u00edas 02 de junio de 2022)https:\/\/notificaciones.scba.gov.ar\/verificarnotificacion.aspx?codNotif=LQ98AKQJ194C<\/p>\n","protected":false},"author":4,"featured_media":81115,"comment_status":"closed","ping_status":"closed","sticky":false,"template":"","format":"standard","meta":{"om_disable_all_campaigns":false,"_jetpack_memberships_contains_paid_content":false,"footnotes":""},"categories":[676,677],"tags":[197,1121,2888,1355,19,1122],"class_list":["post-107626","post","type-post","status-publish","format-standard","has-post-thumbnail","hentry","category-edictos","category-edictos-sucesorios","tag-buenos-aires","tag-edicto","tag-edicto-de-sucesion-de-marta-susana-capozucca","tag-judiciales","tag-san-pedro","tag-sucesion"],"aioseo_notices":[],"gutentor_comment":0,"jetpack_featured_media_url":"https:\/\/eldiariodesanpedro.com.ar\/sitio\/wp-content\/uploads\/2020\/09\/Poder-Judicial.jpg","jetpack_shortlink":"https:\/\/wp.me\/p6RhLt-rZU","jetpack_sharing_enabled":true,"_links":{"self":[{"href":"https:\/\/eldiariodesanpedro.com.ar\/sitio\/wp-json\/wp\/v2\/posts\/107626","targetHints":{"allow":["GET"]}}],"collection":[{"href":"https:\/\/eldiariodesanpedro.com.ar\/sitio\/wp-json\/wp\/v2\/posts"}],"about":[{"href":"https:\/\/eldiariodesanpedro.com.ar\/sitio\/wp-json\/wp\/v2\/types\/post"}],"author":[{"embeddable":true,"href":"https:\/\/eldiariodesanpedro.com.ar\/sitio\/wp-json\/wp\/v2\/users\/4"}],"replies":[{"embeddable":true,"href":"https:\/\/eldiariodesanpedro.com.ar\/sitio\/wp-json\/wp\/v2\/comments?post=107626"}],"version-history":[{"count":1,"href":"https:\/\/eldiariodesanpedro.com.ar\/sitio\/wp-json\/wp\/v2\/posts\/107626\/revisions"}],"predecessor-version":[{"id":107627,"href":"https:\/\/eldiariodesanpedro.com.ar\/sitio\/wp-json\/wp\/v2\/posts\/107626\/revisions\/107627"}],"wp:featuredmedia":[{"embeddable":true,"href":"https:\/\/eldiariodesanpedro.com.ar\/sitio\/wp-json\/wp\/v2\/media\/81115"}],"wp:attachment":[{"href":"https:\/\/eldiariodesanpedro.com.ar\/sitio\/wp-json\/wp\/v2\/media?parent=107626"}],"wp:term":[{"taxonomy":"category","embeddable":true,"href":"https:\/\/eldiariodesanpedro.com.ar\/sitio\/wp-json\/wp\/v2\/categories?post=107626"},{"taxonomy":"post_tag","embeddable":true,"href":"https:\/\/eldiariodesanpedro.com.ar\/sitio\/wp-json\/wp\/v2\/tags?post=107626"}],"curies":[{"name":"wp","href":"https:\/\/api.w.org\/{rel}","templated":true}]}}