{"id":107619,"date":"2022-06-02T11:04:12","date_gmt":"2022-06-02T14:04:12","guid":{"rendered":"https:\/\/eldiariodesanpedro.com.ar\/sitio\/?p=107619"},"modified":"2022-06-02T11:04:13","modified_gmt":"2022-06-02T14:04:13","slug":"reunion-con-el-secretario-de-habitat-santiago-maggiotti","status":"publish","type":"post","link":"https:\/\/eldiariodesanpedro.com.ar\/sitio\/reunion-con-el-secretario-de-habitat-santiago-maggiotti\/","title":{"rendered":"Reuni\u00f3n con el Secretario de H\u00e1bitat Santiago Maggiotti"},"content":{"rendered":"<!-- VideographyWP Plugin Message: Automatic video embedding prevented by plugin options. -->\n\n<p>Este mi\u00e9rcoles, en el Ministerio de Desarrollo Territorial y H\u00e1bitat de la Naci\u00f3n que conduce Jorge Ferraresi, el ex Intendente y miembro del Directorio de Trenes Argentinos Cargas, Cecilio Salazar junto al Secretario de Gobierno de la Municipalidad de San Pedro, Alfredo Carrasco mantuvieron una reuni\u00f3n con el Secretario de H\u00e1bitat, Santiago Maggiotti.<\/p>\n\n\n\n<p>Entre los temas desarrollados durante el encuentro, conversaron sobre el avance en las obras de las 173 viviendas que se est\u00e1n construyendo en la ciudad en el marco del programa Casa Propia, que cont\u00f3 con una inversi\u00f3n del Estado Nacional de $795.620.500.<\/p>\n\n\n\n<p>Adem\u00e1s, fue una reuni\u00f3n muy productiva para continuar avanzando en la posibilidad de gestionar nuevas soluciones habitacionales para los sampedrinos.<\/p>\n","protected":false},"excerpt":{"rendered":"<p>Este mi\u00e9rcoles, en el Ministerio de Desarrollo Territorial y H\u00e1bitat de la Naci\u00f3n que conduce Jorge Ferraresi, el ex Intendente y miembro del Directorio de Trenes Argentinos Cargas, Cecilio Salazar junto al Secretario de Gobierno de la Municipalidad de San Pedro, Alfredo Carrasco mantuvieron una reuni\u00f3n con el Secretario de H\u00e1bitat, Santiago Maggiotti. Entre los [&hellip;]<\/p>\n","protected":false},"author":4,"featured_media":107620,"comment_status":"closed","ping_status":"closed","sticky":false,"template":"","format":"standard","meta":{"om_disable_all_campaigns":false,"_jetpack_memberships_contains_paid_content":false,"footnotes":""},"categories":[50,101,2],"tags":[197,696,33,19],"class_list":["post-107619","post","type-post","status-publish","format-standard","has-post-thumbnail","hentry","category-destacadas","category-interes-general-locales","category-locales","tag-buenos-aires","tag-interes-general","tag-locales","tag-san-pedro"],"aioseo_notices":[],"gutentor_comment":0,"jetpack_featured_media_url":"https:\/\/eldiariodesanpedro.com.ar\/sitio\/wp-content\/uploads\/2022\/06\/WhatsApp-Image-2022-06-01-at-8.01.05-PM.jpeg","jetpack_shortlink":"https:\/\/wp.me\/p6RhLt-rZN","jetpack_sharing_enabled":true,"_links":{"self":[{"href":"https:\/\/eldiariodesanpedro.com.ar\/sitio\/wp-json\/wp\/v2\/posts\/107619","targetHints":{"allow":["GET"]}}],"collection":[{"href":"https:\/\/eldiariodesanpedro.com.ar\/sitio\/wp-json\/wp\/v2\/posts"}],"about":[{"href":"https:\/\/eldiariodesanpedro.com.ar\/sitio\/wp-json\/wp\/v2\/types\/post"}],"author":[{"embeddable":true,"href":"https:\/\/eldiariodesanpedro.com.ar\/sitio\/wp-json\/wp\/v2\/users\/4"}],"replies":[{"embeddable":true,"href":"https:\/\/eldiariodesanpedro.com.ar\/sitio\/wp-json\/wp\/v2\/comments?post=107619"}],"version-history":[{"count":2,"href":"https:\/\/eldiariodesanpedro.com.ar\/sitio\/wp-json\/wp\/v2\/posts\/107619\/revisions"}],"predecessor-version":[{"id":107628,"href":"https:\/\/eldiariodesanpedro.com.ar\/sitio\/wp-json\/wp\/v2\/posts\/107619\/revisions\/107628"}],"wp:featuredmedia":[{"embeddable":true,"href":"https:\/\/eldiariodesanpedro.com.ar\/sitio\/wp-json\/wp\/v2\/media\/107620"}],"wp:attachment":[{"href":"https:\/\/eldiariodesanpedro.com.ar\/sitio\/wp-json\/wp\/v2\/media?parent=107619"}],"wp:term":[{"taxonomy":"category","embeddable":true,"href":"https:\/\/eldiariodesanpedro.com.ar\/sitio\/wp-json\/wp\/v2\/categories?post=107619"},{"taxonomy":"post_tag","embeddable":true,"href":"https:\/\/eldiariodesanpedro.com.ar\/sitio\/wp-json\/wp\/v2\/tags?post=107619"}],"curies":[{"name":"wp","href":"https:\/\/api.w.org\/{rel}","templated":true}]}}