{"id":107614,"date":"2022-06-02T10:19:17","date_gmt":"2022-06-02T13:19:17","guid":{"rendered":"https:\/\/eldiariodesanpedro.com.ar\/sitio\/?p=107614"},"modified":"2022-06-02T10:22:48","modified_gmt":"2022-06-02T13:22:48","slug":"bomberos-celebro-su-dia-con-un-acto-en-el-cuartel-central%ef%bf%bc%ef%bf%bc","status":"publish","type":"post","link":"https:\/\/eldiariodesanpedro.com.ar\/sitio\/bomberos-celebro-su-dia-con-un-acto-en-el-cuartel-central%ef%bf%bc%ef%bf%bc\/","title":{"rendered":"Bomberos celebr\u00f3 su d\u00eda con un acto en el cuartel central\ufffc\ufffc"},"content":{"rendered":"<!-- VideographyWP Plugin Message: Automatic video embedding prevented by plugin options. -->\n\n<p>Al conmemorarse el D\u00eda de los Bomberos Voluntarios en la Argentina, la entidad local realiz\u00f3 el acto oficial en el cuartel central. Hubo reconocimientos especiales y agradecimiento a la labor que desarrollan en la ciudad.<\/p>\n\n\n\n<p>Los Bomberos Voluntarios de San Pedro celebraron su d\u00eda con un acto en el frente del cuartel. All\u00ed, los integrantes actuales del cuerpo activo, los Bomberos auxiliares y los que son y fueron parte del Consejo Directivo participaron de la actividad, al igual que los representantes de distintas entidades intermedias, Municipalidad y Concejo Deliberante.<\/p>\n\n\n\n<p>El presidente de la Asociaci\u00f3n, Mauro Torrens, y el jefe de Cuerpo Activo, Comandante Mayor Silvio Torrens, fueron los principales oradores, a los que se sum\u00f3 el locutor y conductor Lalo Mir, quien estuvo presente en el acto.<\/p>\n\n\n\n<p>En su discurso, emocionado y conmovido, Lalo resalt\u00f3 la labor de los Bomberos destacando que en los \u00faltimos diez a\u00f1os el cuerpo realiz\u00f3 alrededor de 9000 intervenciones.about:blank<\/p>\n\n\n\n<p>Se reconoci\u00f3 a los Bomberos destacados y se le hizo un homenaje al Comandante Mayor Daniel Lavella, quien ingres\u00f3 al cuerpo cuando ten\u00eda 18 a\u00f1os y hace 42 que presta servicios a favor de la comunidad.<\/p>\n\n\n\n<p>El cierre de acto estuvo a cargo del intendente interino, Ram\u00f3n Salazar, quien tambi\u00e9n destac\u00f3 la funci\u00f3n que ejercen los Bomberos Voluntarios y su importancia para la sociedad.<\/p>\n\n\n\n<iframe data-src=\"https:\/\/www.facebook.com\/plugins\/video.php?height=314&#038;href=https%3A%2F%2Fwww.facebook.com%2Fdiariosp2%2Fvideos%2F992078398162575%2F&#038;show_text=false&#038;width=560&#038;t=0\" width=\"560\" height=\"314\" style=\"border:none;overflow:hidden\" scrolling=\"no\" frameborder=\"0\" allowfullscreen=\"true\" allow=\"autoplay; clipboard-write; encrypted-media; picture-in-picture; web-share\" allowFullScreen=\"true\" src=\"data:image\/svg+xml;base64,PHN2ZyB3aWR0aD0iMSIgaGVpZ2h0PSIxIiB4bWxucz0iaHR0cDovL3d3dy53My5vcmcvMjAwMC9zdmciPjwvc3ZnPg==\" class=\"lazyload\" data-load-mode=\"1\"><\/iframe>\n\n\n\n<iframe data-src=\"https:\/\/www.facebook.com\/plugins\/post.php?href=https%3A%2F%2Fwww.facebook.com%2Fdiariosp2%2Fposts%2F339239988307873&#038;show_text=true&#038;width=500\" width=\"500\" height=\"645\" style=\"border:none;overflow:hidden\" scrolling=\"no\" frameborder=\"0\" allowfullscreen=\"true\" allow=\"autoplay; clipboard-write; encrypted-media; picture-in-picture; web-share\" src=\"data:image\/svg+xml;base64,PHN2ZyB3aWR0aD0iMSIgaGVpZ2h0PSIxIiB4bWxucz0iaHR0cDovL3d3dy53My5vcmcvMjAwMC9zdmciPjwvc3ZnPg==\" class=\"lazyload\" data-load-mode=\"1\"><\/iframe>\n\n\n\n<p><a href=\"https:\/\/www.laopinionsemanario.com.ar\/secciones\/informacion-general\/\"><\/a><\/p>\n","protected":false},"excerpt":{"rendered":"<p>Al conmemorarse el D\u00eda de los Bomberos Voluntarios en la Argentina, la entidad local realiz\u00f3 el acto oficial en el cuartel central. Hubo reconocimientos especiales y agradecimiento a la labor que desarrollan en la ciudad. Los Bomberos Voluntarios de San Pedro celebraron su d\u00eda con un acto en el frente del cuartel. All\u00ed, los integrantes [&hellip;]<\/p>\n","protected":false},"author":4,"featured_media":107615,"comment_status":"closed","ping_status":"closed","sticky":false,"template":"","format":"standard","meta":{"om_disable_all_campaigns":false,"_jetpack_memberships_contains_paid_content":false,"footnotes":""},"categories":[50,101,2],"tags":[197,33,95,19],"class_list":["post-107614","post","type-post","status-publish","format-standard","has-post-thumbnail","hentry","category-destacadas","category-interes-general-locales","category-locales","tag-buenos-aires","tag-locales","tag-policiales","tag-san-pedro"],"aioseo_notices":[],"gutentor_comment":0,"jetpack_featured_media_url":"https:\/\/eldiariodesanpedro.com.ar\/sitio\/wp-content\/uploads\/2022\/06\/DSC_0086.jpg","jetpack_shortlink":"https:\/\/wp.me\/p6RhLt-rZI","jetpack_sharing_enabled":true,"_links":{"self":[{"href":"https:\/\/eldiariodesanpedro.com.ar\/sitio\/wp-json\/wp\/v2\/posts\/107614","targetHints":{"allow":["GET"]}}],"collection":[{"href":"https:\/\/eldiariodesanpedro.com.ar\/sitio\/wp-json\/wp\/v2\/posts"}],"about":[{"href":"https:\/\/eldiariodesanpedro.com.ar\/sitio\/wp-json\/wp\/v2\/types\/post"}],"author":[{"embeddable":true,"href":"https:\/\/eldiariodesanpedro.com.ar\/sitio\/wp-json\/wp\/v2\/users\/4"}],"replies":[{"embeddable":true,"href":"https:\/\/eldiariodesanpedro.com.ar\/sitio\/wp-json\/wp\/v2\/comments?post=107614"}],"version-history":[{"count":2,"href":"https:\/\/eldiariodesanpedro.com.ar\/sitio\/wp-json\/wp\/v2\/posts\/107614\/revisions"}],"predecessor-version":[{"id":107618,"href":"https:\/\/eldiariodesanpedro.com.ar\/sitio\/wp-json\/wp\/v2\/posts\/107614\/revisions\/107618"}],"wp:featuredmedia":[{"embeddable":true,"href":"https:\/\/eldiariodesanpedro.com.ar\/sitio\/wp-json\/wp\/v2\/media\/107615"}],"wp:attachment":[{"href":"https:\/\/eldiariodesanpedro.com.ar\/sitio\/wp-json\/wp\/v2\/media?parent=107614"}],"wp:term":[{"taxonomy":"category","embeddable":true,"href":"https:\/\/eldiariodesanpedro.com.ar\/sitio\/wp-json\/wp\/v2\/categories?post=107614"},{"taxonomy":"post_tag","embeddable":true,"href":"https:\/\/eldiariodesanpedro.com.ar\/sitio\/wp-json\/wp\/v2\/tags?post=107614"}],"curies":[{"name":"wp","href":"https:\/\/api.w.org\/{rel}","templated":true}]}}