{"id":107609,"date":"2022-06-01T17:58:30","date_gmt":"2022-06-01T20:58:30","guid":{"rendered":"https:\/\/eldiariodesanpedro.com.ar\/sitio\/?p=107609"},"modified":"2022-06-01T17:58:31","modified_gmt":"2022-06-01T20:58:31","slug":"dos-jovenes-robaron-bebidas-alcoholicas-en-un-autoservicio-con-un-valor-de-diez-mil-pesos","status":"publish","type":"post","link":"https:\/\/eldiariodesanpedro.com.ar\/sitio\/dos-jovenes-robaron-bebidas-alcoholicas-en-un-autoservicio-con-un-valor-de-diez-mil-pesos\/","title":{"rendered":"Dos j\u00f3venes robaron bebidas alcoh\u00f3licas en un autoservicio con un valor de diez mil pesos"},"content":{"rendered":"<!-- VideographyWP Plugin Message: Automatic video embedding prevented by plugin options. -->\n\n<p>Anoche promediando las 21:30 horas, el personal policial de la comisar\u00eda, acudi\u00f3 alertado por comerciante, a Saavedra y Las Provincias en el autoservicio  El Pino, donde se procedi\u00f3 a la aprehensi\u00f3n de dos delincuentes de 17 y 19 a\u00f1os de edad, quienes cuentan con antecedentes, y que fueron advertidos a trav\u00e9s de las c\u00e1maras de seguridad de comercio, sustrayendo cuatro botellas de bebidas blancas de alto costo en total de alrededor de 10 mil pesos, que escondieron entre sus prendas.\u00a0<\/p>\n\n\n\n<p>Se logr\u00f3 recuperar lo sustra\u00eddo, que fue restituido al comerciante que radic\u00f3 la denuncia, un masculino de 42 a\u00f1os de edad.&nbsp;<\/p>\n\n\n\n<p>Intervino en el caso la fiscal\u00eda juvenil de San Nicol\u00e1s por la participaci\u00f3n de un menor, disponiendo recaudos legales imputados del hecho.\u00a0<\/p>\n\n\n\n<iframe data-src=\"https:\/\/www.facebook.com\/plugins\/video.php?height=314&#038;href=https%3A%2F%2Fwww.facebook.com%2Fdiariosp2%2Fvideos%2F721808959039162%2F&#038;show_text=false&#038;width=560&#038;t=0\" width=\"560\" height=\"314\" style=\"border:none;overflow:hidden\" scrolling=\"no\" frameborder=\"0\" allowfullscreen=\"true\" allow=\"autoplay; clipboard-write; encrypted-media; picture-in-picture; web-share\" allowFullScreen=\"true\" src=\"data:image\/svg+xml;base64,PHN2ZyB3aWR0aD0iMSIgaGVpZ2h0PSIxIiB4bWxucz0iaHR0cDovL3d3dy53My5vcmcvMjAwMC9zdmciPjwvc3ZnPg==\" class=\"lazyload\" data-load-mode=\"1\"><\/iframe>\n\n\n\n<figure class=\"wp-block-image size-large\"><img decoding=\"async\" width=\"1024\" height=\"580\" data-attachment-id=\"107610\" data-permalink=\"https:\/\/eldiariodesanpedro.com.ar\/sitio\/dos-jovenes-robaron-bebidas-alcoholicas-en-un-autoservicio-con-un-valor-de-diez-mil-pesos\/whatsapp-image-2022-06-01-at-11-56-55-am\/\" data-orig-file=\"https:\/\/eldiariodesanpedro.com.ar\/sitio\/wp-content\/uploads\/2022\/06\/WhatsApp-Image-2022-06-01-at-11.56.55-AM.jpeg\" data-orig-size=\"1112,630\" data-comments-opened=\"0\" data-image-meta=\"{&quot;aperture&quot;:&quot;0&quot;,&quot;credit&quot;:&quot;&quot;,&quot;camera&quot;:&quot;&quot;,&quot;caption&quot;:&quot;&quot;,&quot;created_timestamp&quot;:&quot;0&quot;,&quot;copyright&quot;:&quot;&quot;,&quot;focal_length&quot;:&quot;0&quot;,&quot;iso&quot;:&quot;0&quot;,&quot;shutter_speed&quot;:&quot;0&quot;,&quot;title&quot;:&quot;&quot;,&quot;orientation&quot;:&quot;0&quot;}\" data-image-title=\"WhatsApp-Image-2022-06-01-at-11.56.55-AM\" data-image-description=\"\" data-image-caption=\"\" data-large-file=\"https:\/\/eldiariodesanpedro.com.ar\/sitio\/wp-content\/uploads\/2022\/06\/WhatsApp-Image-2022-06-01-at-11.56.55-AM-1024x580.jpeg\" data-src=\"https:\/\/eldiariodesanpedro.com.ar\/sitio\/wp-content\/uploads\/2022\/06\/WhatsApp-Image-2022-06-01-at-11.56.55-AM-1024x580.jpeg\" alt=\"\" class=\"wp-image-107610 lazyload\" data-srcset=\"https:\/\/eldiariodesanpedro.com.ar\/sitio\/wp-content\/uploads\/2022\/06\/WhatsApp-Image-2022-06-01-at-11.56.55-AM-1024x580.jpeg 1024w, https:\/\/eldiariodesanpedro.com.ar\/sitio\/wp-content\/uploads\/2022\/06\/WhatsApp-Image-2022-06-01-at-11.56.55-AM-300x170.jpeg 300w, https:\/\/eldiariodesanpedro.com.ar\/sitio\/wp-content\/uploads\/2022\/06\/WhatsApp-Image-2022-06-01-at-11.56.55-AM-768x435.jpeg 768w, https:\/\/eldiariodesanpedro.com.ar\/sitio\/wp-content\/uploads\/2022\/06\/WhatsApp-Image-2022-06-01-at-11.56.55-AM.jpeg 1112w\" data-sizes=\"(max-width: 1024px) 100vw, 1024px\" src=\"data:image\/svg+xml;base64,PHN2ZyB3aWR0aD0iMSIgaGVpZ2h0PSIxIiB4bWxucz0iaHR0cDovL3d3dy53My5vcmcvMjAwMC9zdmciPjwvc3ZnPg==\" style=\"--smush-placeholder-width: 1024px; --smush-placeholder-aspect-ratio: 1024\/580;\" \/><\/figure>\n\n\n\n<figure class=\"wp-block-image size-full\"><img decoding=\"async\" width=\"672\" height=\"630\" data-attachment-id=\"107611\" data-permalink=\"https:\/\/eldiariodesanpedro.com.ar\/sitio\/dos-jovenes-robaron-bebidas-alcoholicas-en-un-autoservicio-con-un-valor-de-diez-mil-pesos\/whatsapp-image-2022-06-01-at-11-56-55-am-1\/\" data-orig-file=\"https:\/\/eldiariodesanpedro.com.ar\/sitio\/wp-content\/uploads\/2022\/06\/WhatsApp-Image-2022-06-01-at-11.56.55-AM-1.jpeg\" data-orig-size=\"672,630\" data-comments-opened=\"0\" data-image-meta=\"{&quot;aperture&quot;:&quot;0&quot;,&quot;credit&quot;:&quot;&quot;,&quot;camera&quot;:&quot;&quot;,&quot;caption&quot;:&quot;&quot;,&quot;created_timestamp&quot;:&quot;0&quot;,&quot;copyright&quot;:&quot;&quot;,&quot;focal_length&quot;:&quot;0&quot;,&quot;iso&quot;:&quot;0&quot;,&quot;shutter_speed&quot;:&quot;0&quot;,&quot;title&quot;:&quot;&quot;,&quot;orientation&quot;:&quot;0&quot;}\" data-image-title=\"WhatsApp Image 2022-06-01 at 11.56.55 AM (1)\" data-image-description=\"\" data-image-caption=\"\" data-large-file=\"https:\/\/eldiariodesanpedro.com.ar\/sitio\/wp-content\/uploads\/2022\/06\/WhatsApp-Image-2022-06-01-at-11.56.55-AM-1.jpeg\" data-src=\"https:\/\/eldiariodesanpedro.com.ar\/sitio\/wp-content\/uploads\/2022\/06\/WhatsApp-Image-2022-06-01-at-11.56.55-AM-1.jpeg\" alt=\"\" class=\"wp-image-107611 lazyload\" data-srcset=\"https:\/\/eldiariodesanpedro.com.ar\/sitio\/wp-content\/uploads\/2022\/06\/WhatsApp-Image-2022-06-01-at-11.56.55-AM-1.jpeg 672w, https:\/\/eldiariodesanpedro.com.ar\/sitio\/wp-content\/uploads\/2022\/06\/WhatsApp-Image-2022-06-01-at-11.56.55-AM-1-300x281.jpeg 300w\" data-sizes=\"(max-width: 672px) 100vw, 672px\" src=\"data:image\/svg+xml;base64,PHN2ZyB3aWR0aD0iMSIgaGVpZ2h0PSIxIiB4bWxucz0iaHR0cDovL3d3dy53My5vcmcvMjAwMC9zdmciPjwvc3ZnPg==\" style=\"--smush-placeholder-width: 672px; --smush-placeholder-aspect-ratio: 672\/630;\" \/><\/figure>\n","protected":false},"excerpt":{"rendered":"<p>Anoche promediando las 21:30 horas, el personal policial de la comisar\u00eda, acudi\u00f3 alertado por comerciante, a Saavedra y Las Provincias en el autoservicio El Pino, donde se procedi\u00f3 a la aprehensi\u00f3n de dos delincuentes de 17 y 19 a\u00f1os de edad, quienes cuentan con antecedentes, y que fueron advertidos a trav\u00e9s de las c\u00e1maras de [&hellip;]<\/p>\n","protected":false},"author":4,"featured_media":107612,"comment_status":"closed","ping_status":"closed","sticky":false,"template":"","format":"standard","meta":{"om_disable_all_campaigns":false,"_jetpack_memberships_contains_paid_content":false,"footnotes":""},"categories":[50,2,103],"tags":[197,33,95,19],"class_list":["post-107609","post","type-post","status-publish","format-standard","has-post-thumbnail","hentry","category-destacadas","category-locales","category-policiales-locales","tag-buenos-aires","tag-locales","tag-policiales","tag-san-pedro"],"aioseo_notices":[],"gutentor_comment":0,"jetpack_featured_media_url":"https:\/\/eldiariodesanpedro.com.ar\/sitio\/wp-content\/uploads\/2022\/06\/medida.jpg","jetpack_shortlink":"https:\/\/wp.me\/p6RhLt-rZD","jetpack_sharing_enabled":true,"_links":{"self":[{"href":"https:\/\/eldiariodesanpedro.com.ar\/sitio\/wp-json\/wp\/v2\/posts\/107609","targetHints":{"allow":["GET"]}}],"collection":[{"href":"https:\/\/eldiariodesanpedro.com.ar\/sitio\/wp-json\/wp\/v2\/posts"}],"about":[{"href":"https:\/\/eldiariodesanpedro.com.ar\/sitio\/wp-json\/wp\/v2\/types\/post"}],"author":[{"embeddable":true,"href":"https:\/\/eldiariodesanpedro.com.ar\/sitio\/wp-json\/wp\/v2\/users\/4"}],"replies":[{"embeddable":true,"href":"https:\/\/eldiariodesanpedro.com.ar\/sitio\/wp-json\/wp\/v2\/comments?post=107609"}],"version-history":[{"count":1,"href":"https:\/\/eldiariodesanpedro.com.ar\/sitio\/wp-json\/wp\/v2\/posts\/107609\/revisions"}],"predecessor-version":[{"id":107613,"href":"https:\/\/eldiariodesanpedro.com.ar\/sitio\/wp-json\/wp\/v2\/posts\/107609\/revisions\/107613"}],"wp:featuredmedia":[{"embeddable":true,"href":"https:\/\/eldiariodesanpedro.com.ar\/sitio\/wp-json\/wp\/v2\/media\/107612"}],"wp:attachment":[{"href":"https:\/\/eldiariodesanpedro.com.ar\/sitio\/wp-json\/wp\/v2\/media?parent=107609"}],"wp:term":[{"taxonomy":"category","embeddable":true,"href":"https:\/\/eldiariodesanpedro.com.ar\/sitio\/wp-json\/wp\/v2\/categories?post=107609"},{"taxonomy":"post_tag","embeddable":true,"href":"https:\/\/eldiariodesanpedro.com.ar\/sitio\/wp-json\/wp\/v2\/tags?post=107609"}],"curies":[{"name":"wp","href":"https:\/\/api.w.org\/{rel}","templated":true}]}}