{"id":107607,"date":"2022-06-01T15:55:56","date_gmt":"2022-06-01T18:55:56","guid":{"rendered":"https:\/\/eldiariodesanpedro.com.ar\/sitio\/?p=107607"},"modified":"2022-06-01T15:55:56","modified_gmt":"2022-06-01T18:55:56","slug":"denuncio-una-mujer-que-el-banco-le-descuenta-un-seguro-de-vida-sin-su-permiso","status":"publish","type":"post","link":"https:\/\/eldiariodesanpedro.com.ar\/sitio\/denuncio-una-mujer-que-el-banco-le-descuenta-un-seguro-de-vida-sin-su-permiso\/","title":{"rendered":"Denunci\u00f3 una mujer que el banco le descuenta un seguro de vida sin su permiso"},"content":{"rendered":"<!-- VideographyWP Plugin Message: Automatic video embedding prevented by plugin options. -->\n\n<p>En la jornada de ayer en horas de la tarde en la comisar\u00eda local denunci\u00f3 una femenina de 35 a\u00f1os de edad, que hace dos meses se dirige a una entidad bancaria , al solicitar movimientos constata que desde hace aproximadamente cinco a\u00f1os le descuentan un seguro de vida que no contrat\u00f3.&nbsp;<\/p>\n\n\n\n<p>Por lo que cree que el Banco fue quien se lo otorg\u00f3 sin su autorizaci\u00f3n.&nbsp;<\/p>\n\n\n\n<p>Investiga UFI Nro. 07 local.<\/p>\n","protected":false},"excerpt":{"rendered":"<p>En la jornada de ayer en horas de la tarde en la comisar\u00eda local denunci\u00f3 una femenina de 35 a\u00f1os de edad, que hace dos meses se dirige a una entidad bancaria , al solicitar movimientos constata que desde hace aproximadamente cinco a\u00f1os le descuentan un seguro de vida que no contrat\u00f3.&nbsp; Por lo que [&hellip;]<\/p>\n","protected":false},"author":4,"featured_media":57215,"comment_status":"closed","ping_status":"closed","sticky":false,"template":"","format":"standard","meta":{"om_disable_all_campaigns":false,"_jetpack_memberships_contains_paid_content":false,"footnotes":""},"categories":[2,103],"tags":[197,33,95,19],"class_list":["post-107607","post","type-post","status-publish","format-standard","has-post-thumbnail","hentry","category-locales","category-policiales-locales","tag-buenos-aires","tag-locales","tag-policiales","tag-san-pedro"],"aioseo_notices":[],"gutentor_comment":0,"jetpack_featured_media_url":"https:\/\/eldiariodesanpedro.com.ar\/sitio\/wp-content\/uploads\/2019\/07\/comisaria_1.jpg","jetpack_shortlink":"https:\/\/wp.me\/p6RhLt-rZB","jetpack_sharing_enabled":true,"_links":{"self":[{"href":"https:\/\/eldiariodesanpedro.com.ar\/sitio\/wp-json\/wp\/v2\/posts\/107607","targetHints":{"allow":["GET"]}}],"collection":[{"href":"https:\/\/eldiariodesanpedro.com.ar\/sitio\/wp-json\/wp\/v2\/posts"}],"about":[{"href":"https:\/\/eldiariodesanpedro.com.ar\/sitio\/wp-json\/wp\/v2\/types\/post"}],"author":[{"embeddable":true,"href":"https:\/\/eldiariodesanpedro.com.ar\/sitio\/wp-json\/wp\/v2\/users\/4"}],"replies":[{"embeddable":true,"href":"https:\/\/eldiariodesanpedro.com.ar\/sitio\/wp-json\/wp\/v2\/comments?post=107607"}],"version-history":[{"count":1,"href":"https:\/\/eldiariodesanpedro.com.ar\/sitio\/wp-json\/wp\/v2\/posts\/107607\/revisions"}],"predecessor-version":[{"id":107608,"href":"https:\/\/eldiariodesanpedro.com.ar\/sitio\/wp-json\/wp\/v2\/posts\/107607\/revisions\/107608"}],"wp:featuredmedia":[{"embeddable":true,"href":"https:\/\/eldiariodesanpedro.com.ar\/sitio\/wp-json\/wp\/v2\/media\/57215"}],"wp:attachment":[{"href":"https:\/\/eldiariodesanpedro.com.ar\/sitio\/wp-json\/wp\/v2\/media?parent=107607"}],"wp:term":[{"taxonomy":"category","embeddable":true,"href":"https:\/\/eldiariodesanpedro.com.ar\/sitio\/wp-json\/wp\/v2\/categories?post=107607"},{"taxonomy":"post_tag","embeddable":true,"href":"https:\/\/eldiariodesanpedro.com.ar\/sitio\/wp-json\/wp\/v2\/tags?post=107607"}],"curies":[{"name":"wp","href":"https:\/\/api.w.org\/{rel}","templated":true}]}}