{"id":107604,"date":"2022-06-01T15:44:17","date_gmt":"2022-06-01T18:44:17","guid":{"rendered":"https:\/\/eldiariodesanpedro.com.ar\/sitio\/?p=107604"},"modified":"2022-06-01T15:44:17","modified_gmt":"2022-06-01T18:44:17","slug":"se-recupero-una-bicicleta-abandonada-en-la-via-publica","status":"publish","type":"post","link":"https:\/\/eldiariodesanpedro.com.ar\/sitio\/se-recupero-una-bicicleta-abandonada-en-la-via-publica\/","title":{"rendered":"Se recuper\u00f3 una bicicleta abandonada en la v\u00eda p\u00fablica"},"content":{"rendered":"<!-- VideographyWP Plugin Message: Automatic video embedding prevented by plugin options. -->\n\n<p>En la tarde de ayer el personal policial de la comisar\u00eda en Casella y Las Provincias procedi\u00f3 al secuestro de una bicicleta de mujer, abandonada.&nbsp;<\/p>\n\n\n\n<p>La misma era buscada por la polic\u00eda por una denuncia radicada momentos antes por una mujer y que se la hab\u00edan sustra\u00eddo de la vereda de San Mart\u00edn y Rivadavia.&nbsp;<\/p>\n\n\n\n<p>La v\u00edctima recuper\u00f3 su bicicleta, mientras se investiga la autor\u00eda del hecho.&nbsp;<\/p>\n\n\n\n<p>Interviene la fiscal\u00eda local.<\/p>\n","protected":false},"excerpt":{"rendered":"<p>En la tarde de ayer el personal policial de la comisar\u00eda en Casella y Las Provincias procedi\u00f3 al secuestro de una bicicleta de mujer, abandonada.&nbsp; La misma era buscada por la polic\u00eda por una denuncia radicada momentos antes por una mujer y que se la hab\u00edan sustra\u00eddo de la vereda de San Mart\u00edn y Rivadavia.&nbsp; [&hellip;]<\/p>\n","protected":false},"author":4,"featured_media":107605,"comment_status":"closed","ping_status":"closed","sticky":false,"template":"","format":"standard","meta":{"om_disable_all_campaigns":false,"_jetpack_memberships_contains_paid_content":false,"footnotes":""},"categories":[2,103],"tags":[197,33,95,19],"class_list":["post-107604","post","type-post","status-publish","format-standard","has-post-thumbnail","hentry","category-locales","category-policiales-locales","tag-buenos-aires","tag-locales","tag-policiales","tag-san-pedro"],"aioseo_notices":[],"gutentor_comment":0,"jetpack_featured_media_url":"https:\/\/eldiariodesanpedro.com.ar\/sitio\/wp-content\/uploads\/2022\/06\/WhatsApp-Image-2022-06-01-at-11.57.11-AM.jpeg","jetpack_shortlink":"https:\/\/wp.me\/p6RhLt-rZy","jetpack_sharing_enabled":true,"_links":{"self":[{"href":"https:\/\/eldiariodesanpedro.com.ar\/sitio\/wp-json\/wp\/v2\/posts\/107604","targetHints":{"allow":["GET"]}}],"collection":[{"href":"https:\/\/eldiariodesanpedro.com.ar\/sitio\/wp-json\/wp\/v2\/posts"}],"about":[{"href":"https:\/\/eldiariodesanpedro.com.ar\/sitio\/wp-json\/wp\/v2\/types\/post"}],"author":[{"embeddable":true,"href":"https:\/\/eldiariodesanpedro.com.ar\/sitio\/wp-json\/wp\/v2\/users\/4"}],"replies":[{"embeddable":true,"href":"https:\/\/eldiariodesanpedro.com.ar\/sitio\/wp-json\/wp\/v2\/comments?post=107604"}],"version-history":[{"count":1,"href":"https:\/\/eldiariodesanpedro.com.ar\/sitio\/wp-json\/wp\/v2\/posts\/107604\/revisions"}],"predecessor-version":[{"id":107606,"href":"https:\/\/eldiariodesanpedro.com.ar\/sitio\/wp-json\/wp\/v2\/posts\/107604\/revisions\/107606"}],"wp:featuredmedia":[{"embeddable":true,"href":"https:\/\/eldiariodesanpedro.com.ar\/sitio\/wp-json\/wp\/v2\/media\/107605"}],"wp:attachment":[{"href":"https:\/\/eldiariodesanpedro.com.ar\/sitio\/wp-json\/wp\/v2\/media?parent=107604"}],"wp:term":[{"taxonomy":"category","embeddable":true,"href":"https:\/\/eldiariodesanpedro.com.ar\/sitio\/wp-json\/wp\/v2\/categories?post=107604"},{"taxonomy":"post_tag","embeddable":true,"href":"https:\/\/eldiariodesanpedro.com.ar\/sitio\/wp-json\/wp\/v2\/tags?post=107604"}],"curies":[{"name":"wp","href":"https:\/\/api.w.org\/{rel}","templated":true}]}}