{"id":107601,"date":"2022-06-01T15:31:25","date_gmt":"2022-06-01T18:31:25","guid":{"rendered":"https:\/\/eldiariodesanpedro.com.ar\/sitio\/?p=107601"},"modified":"2022-06-01T15:31:25","modified_gmt":"2022-06-01T18:31:25","slug":"se-recupero-en-allanamiento-una-bicicleta-que-fue-robada-dias-atras","status":"publish","type":"post","link":"https:\/\/eldiariodesanpedro.com.ar\/sitio\/se-recupero-en-allanamiento-una-bicicleta-que-fue-robada-dias-atras\/","title":{"rendered":"Se recuper\u00f3 en allanamiento una bicicleta que fue robada d\u00edas atr\u00e1s"},"content":{"rendered":"<!-- VideographyWP Plugin Message: Automatic video embedding prevented by plugin options. -->\n\n<p>En la tarde de ayer, el personal policial del gabinete criminol\u00f3gico de la comisar\u00eda, diligenci\u00f3 allanamiento en el domicilio de Las Provincias al 1300, donde se secuestr\u00f3 una bicicleta paseo mujer que era buscada por denuncia radicada el lunes por una mujer de 34 a\u00f1os de edad.&nbsp;<\/p>\n\n\n\n<p>En el lugar reside masculino de 37 a\u00f1os de edad, que tiene antecedentes por delitos que fue imputado del hecho.&nbsp;<\/p>\n\n\n\n<p>La denuncia inicial la radic\u00f3 la mujer dando cuenta de la sustracci\u00f3n de su bicicleta el d\u00eda viernes 27&nbsp; de mayo en horas de la tarde estacionada en la vereda de Balcarce y 25 de Mayo.&nbsp;<\/p>\n","protected":false},"excerpt":{"rendered":"<p>En la tarde de ayer, el personal policial del gabinete criminol\u00f3gico de la comisar\u00eda, diligenci\u00f3 allanamiento en el domicilio de Las Provincias al 1300, donde se secuestr\u00f3 una bicicleta paseo mujer que era buscada por denuncia radicada el lunes por una mujer de 34 a\u00f1os de edad.&nbsp; En el lugar reside masculino de 37 a\u00f1os [&hellip;]<\/p>\n","protected":false},"author":4,"featured_media":107602,"comment_status":"closed","ping_status":"closed","sticky":false,"template":"","format":"standard","meta":{"om_disable_all_campaigns":false,"_jetpack_memberships_contains_paid_content":false,"footnotes":""},"categories":[2,103],"tags":[197,33,95,19],"class_list":["post-107601","post","type-post","status-publish","format-standard","has-post-thumbnail","hentry","category-locales","category-policiales-locales","tag-buenos-aires","tag-locales","tag-policiales","tag-san-pedro"],"aioseo_notices":[],"gutentor_comment":0,"jetpack_featured_media_url":"https:\/\/eldiariodesanpedro.com.ar\/sitio\/wp-content\/uploads\/2022\/06\/WhatsApp-Image-2022-06-01-at-11.57.03-AM.jpeg","jetpack_shortlink":"https:\/\/wp.me\/p6RhLt-rZv","jetpack_sharing_enabled":true,"_links":{"self":[{"href":"https:\/\/eldiariodesanpedro.com.ar\/sitio\/wp-json\/wp\/v2\/posts\/107601","targetHints":{"allow":["GET"]}}],"collection":[{"href":"https:\/\/eldiariodesanpedro.com.ar\/sitio\/wp-json\/wp\/v2\/posts"}],"about":[{"href":"https:\/\/eldiariodesanpedro.com.ar\/sitio\/wp-json\/wp\/v2\/types\/post"}],"author":[{"embeddable":true,"href":"https:\/\/eldiariodesanpedro.com.ar\/sitio\/wp-json\/wp\/v2\/users\/4"}],"replies":[{"embeddable":true,"href":"https:\/\/eldiariodesanpedro.com.ar\/sitio\/wp-json\/wp\/v2\/comments?post=107601"}],"version-history":[{"count":1,"href":"https:\/\/eldiariodesanpedro.com.ar\/sitio\/wp-json\/wp\/v2\/posts\/107601\/revisions"}],"predecessor-version":[{"id":107603,"href":"https:\/\/eldiariodesanpedro.com.ar\/sitio\/wp-json\/wp\/v2\/posts\/107601\/revisions\/107603"}],"wp:featuredmedia":[{"embeddable":true,"href":"https:\/\/eldiariodesanpedro.com.ar\/sitio\/wp-json\/wp\/v2\/media\/107602"}],"wp:attachment":[{"href":"https:\/\/eldiariodesanpedro.com.ar\/sitio\/wp-json\/wp\/v2\/media?parent=107601"}],"wp:term":[{"taxonomy":"category","embeddable":true,"href":"https:\/\/eldiariodesanpedro.com.ar\/sitio\/wp-json\/wp\/v2\/categories?post=107601"},{"taxonomy":"post_tag","embeddable":true,"href":"https:\/\/eldiariodesanpedro.com.ar\/sitio\/wp-json\/wp\/v2\/tags?post=107601"}],"curies":[{"name":"wp","href":"https:\/\/api.w.org\/{rel}","templated":true}]}}