{"id":107595,"date":"2022-06-01T15:24:17","date_gmt":"2022-06-01T18:24:17","guid":{"rendered":"https:\/\/eldiariodesanpedro.com.ar\/sitio\/?p=107595"},"modified":"2022-06-01T15:24:18","modified_gmt":"2022-06-01T18:24:18","slug":"choque-entre-dos-motocicletas-en-zona-centrica-uno-de-ellos-mensajero","status":"publish","type":"post","link":"https:\/\/eldiariodesanpedro.com.ar\/sitio\/choque-entre-dos-motocicletas-en-zona-centrica-uno-de-ellos-mensajero\/","title":{"rendered":"Choque entre dos motocicletas en zona c\u00e9ntrica, uno de ellos mensajero"},"content":{"rendered":"<!-- VideographyWP Plugin Message: Automatic video embedding prevented by plugin options. -->\n\n<p>El accidente ocurri\u00f3 alrededor de las 11.00 de este mi\u00e9rcoles. La mensajera perdi\u00f3 el casco tras el impacto. En la otra moto iban un joven y una chica como acompa\u00f1ante, que tambi\u00e9n requiri\u00f3 asistencia m\u00e9dica.<\/p>\n\n\n\n<p>Dos motos chocaron en la esquina de Mitre y Saavedra este mi\u00e9rcoles alrededor de las 11.00 de la ma\u00f1ana, una de ellas conducida por una mensajera que fue trasladada al Hospital.<\/p>\n\n\n\n<p>La trabajadora de servicio de delivery perdi\u00f3 el casco tras el impacto, por lo que la inmovilizaron para subirla a la ambulancia del Servicio de Emergencias M\u00e9dicas Same 107 que la llev\u00f3 a la Guardia.<\/p>\n\n\n\n<p>En la otra motocicleta, que al igual que la de la mensajera era una tipo 100 cc, circulaban un joven como conductor y una chica como acompa\u00f1ante, que tambi\u00e9n requiri\u00f3 asistencia m\u00e9dica puesto que acusaba dolores en una pierna.about:blank<\/p>\n\n\n\n<p>El tr\u00e1nsito estuvo cortado en la zona por personal de la Direcci\u00f3n de Tr\u00e1nsito mientras Polic\u00eda hac\u00eda las tareas relacionadas con las pericias de rigor.<\/p>\n\n\n\n<figure class=\"wp-block-image size-large\"><img decoding=\"async\" width=\"1024\" height=\"576\" data-attachment-id=\"107598\" data-permalink=\"https:\/\/eldiariodesanpedro.com.ar\/sitio\/choque-entre-dos-motocicletas-en-zona-centrica-uno-de-ellos-mensajero\/whatsapp-image-2022-06-01-at-10-53-17-am-2\/\" data-orig-file=\"https:\/\/eldiariodesanpedro.com.ar\/sitio\/wp-content\/uploads\/2022\/06\/WhatsApp-Image-2022-06-01-at-10.53.17-AM-2.jpeg\" data-orig-size=\"1120,630\" data-comments-opened=\"0\" data-image-meta=\"{&quot;aperture&quot;:&quot;0&quot;,&quot;credit&quot;:&quot;&quot;,&quot;camera&quot;:&quot;&quot;,&quot;caption&quot;:&quot;&quot;,&quot;created_timestamp&quot;:&quot;0&quot;,&quot;copyright&quot;:&quot;&quot;,&quot;focal_length&quot;:&quot;0&quot;,&quot;iso&quot;:&quot;0&quot;,&quot;shutter_speed&quot;:&quot;0&quot;,&quot;title&quot;:&quot;&quot;,&quot;orientation&quot;:&quot;0&quot;}\" data-image-title=\"WhatsApp Image 2022-06-01 at 10.53.17 AM (2)\" data-image-description=\"\" data-image-caption=\"\" data-large-file=\"https:\/\/eldiariodesanpedro.com.ar\/sitio\/wp-content\/uploads\/2022\/06\/WhatsApp-Image-2022-06-01-at-10.53.17-AM-2-1024x576.jpeg\" data-src=\"https:\/\/eldiariodesanpedro.com.ar\/sitio\/wp-content\/uploads\/2022\/06\/WhatsApp-Image-2022-06-01-at-10.53.17-AM-2-1024x576.jpeg\" alt=\"\" class=\"wp-image-107598 lazyload\" data-srcset=\"https:\/\/eldiariodesanpedro.com.ar\/sitio\/wp-content\/uploads\/2022\/06\/WhatsApp-Image-2022-06-01-at-10.53.17-AM-2-1024x576.jpeg 1024w, https:\/\/eldiariodesanpedro.com.ar\/sitio\/wp-content\/uploads\/2022\/06\/WhatsApp-Image-2022-06-01-at-10.53.17-AM-2-300x169.jpeg 300w, https:\/\/eldiariodesanpedro.com.ar\/sitio\/wp-content\/uploads\/2022\/06\/WhatsApp-Image-2022-06-01-at-10.53.17-AM-2-768x432.jpeg 768w, https:\/\/eldiariodesanpedro.com.ar\/sitio\/wp-content\/uploads\/2022\/06\/WhatsApp-Image-2022-06-01-at-10.53.17-AM-2.jpeg 1120w\" data-sizes=\"(max-width: 1024px) 100vw, 1024px\" src=\"data:image\/svg+xml;base64,PHN2ZyB3aWR0aD0iMSIgaGVpZ2h0PSIxIiB4bWxucz0iaHR0cDovL3d3dy53My5vcmcvMjAwMC9zdmciPjwvc3ZnPg==\" style=\"--smush-placeholder-width: 1024px; --smush-placeholder-aspect-ratio: 1024\/576;\" \/><\/figure>\n\n\n\n<figure class=\"wp-block-image size-large\"><img decoding=\"async\" width=\"1024\" height=\"576\" data-attachment-id=\"107597\" data-permalink=\"https:\/\/eldiariodesanpedro.com.ar\/sitio\/choque-entre-dos-motocicletas-en-zona-centrica-uno-de-ellos-mensajero\/whatsapp-image-2022-06-01-at-10-53-17-am-1\/\" data-orig-file=\"https:\/\/eldiariodesanpedro.com.ar\/sitio\/wp-content\/uploads\/2022\/06\/WhatsApp-Image-2022-06-01-at-10.53.17-AM-1.jpeg\" data-orig-size=\"1120,630\" data-comments-opened=\"0\" data-image-meta=\"{&quot;aperture&quot;:&quot;0&quot;,&quot;credit&quot;:&quot;&quot;,&quot;camera&quot;:&quot;&quot;,&quot;caption&quot;:&quot;&quot;,&quot;created_timestamp&quot;:&quot;0&quot;,&quot;copyright&quot;:&quot;&quot;,&quot;focal_length&quot;:&quot;0&quot;,&quot;iso&quot;:&quot;0&quot;,&quot;shutter_speed&quot;:&quot;0&quot;,&quot;title&quot;:&quot;&quot;,&quot;orientation&quot;:&quot;0&quot;}\" data-image-title=\"WhatsApp Image 2022-06-01 at 10.53.17 AM (1)\" data-image-description=\"\" data-image-caption=\"\" data-large-file=\"https:\/\/eldiariodesanpedro.com.ar\/sitio\/wp-content\/uploads\/2022\/06\/WhatsApp-Image-2022-06-01-at-10.53.17-AM-1-1024x576.jpeg\" data-src=\"https:\/\/eldiariodesanpedro.com.ar\/sitio\/wp-content\/uploads\/2022\/06\/WhatsApp-Image-2022-06-01-at-10.53.17-AM-1-1024x576.jpeg\" alt=\"\" class=\"wp-image-107597 lazyload\" data-srcset=\"https:\/\/eldiariodesanpedro.com.ar\/sitio\/wp-content\/uploads\/2022\/06\/WhatsApp-Image-2022-06-01-at-10.53.17-AM-1-1024x576.jpeg 1024w, https:\/\/eldiariodesanpedro.com.ar\/sitio\/wp-content\/uploads\/2022\/06\/WhatsApp-Image-2022-06-01-at-10.53.17-AM-1-300x169.jpeg 300w, https:\/\/eldiariodesanpedro.com.ar\/sitio\/wp-content\/uploads\/2022\/06\/WhatsApp-Image-2022-06-01-at-10.53.17-AM-1-768x432.jpeg 768w, https:\/\/eldiariodesanpedro.com.ar\/sitio\/wp-content\/uploads\/2022\/06\/WhatsApp-Image-2022-06-01-at-10.53.17-AM-1.jpeg 1120w\" data-sizes=\"(max-width: 1024px) 100vw, 1024px\" src=\"data:image\/svg+xml;base64,PHN2ZyB3aWR0aD0iMSIgaGVpZ2h0PSIxIiB4bWxucz0iaHR0cDovL3d3dy53My5vcmcvMjAwMC9zdmciPjwvc3ZnPg==\" style=\"--smush-placeholder-width: 1024px; --smush-placeholder-aspect-ratio: 1024\/576;\" \/><\/figure>\n\n\n\n<p><a href=\"https:\/\/www.laopinionsemanario.com.ar\/secciones\/informacion-general\/\"><\/a><\/p>\n","protected":false},"excerpt":{"rendered":"<p>El accidente ocurri\u00f3 alrededor de las 11.00 de este mi\u00e9rcoles. La mensajera perdi\u00f3 el casco tras el impacto. En la otra moto iban un joven y una chica como acompa\u00f1ante, que tambi\u00e9n requiri\u00f3 asistencia m\u00e9dica. Dos motos chocaron en la esquina de Mitre y Saavedra este mi\u00e9rcoles alrededor de las 11.00 de la ma\u00f1ana, una [&hellip;]<\/p>\n","protected":false},"author":4,"featured_media":107596,"comment_status":"closed","ping_status":"closed","sticky":false,"template":"","format":"standard","meta":{"om_disable_all_campaigns":false,"_jetpack_memberships_contains_paid_content":false,"footnotes":""},"categories":[50,2,103],"tags":[197,95,19],"class_list":["post-107595","post","type-post","status-publish","format-standard","has-post-thumbnail","hentry","category-destacadas","category-locales","category-policiales-locales","tag-buenos-aires","tag-policiales","tag-san-pedro"],"aioseo_notices":[],"gutentor_comment":0,"jetpack_featured_media_url":"https:\/\/eldiariodesanpedro.com.ar\/sitio\/wp-content\/uploads\/2022\/06\/WhatsApp-Image-2022-06-01-at-10.53.16-AM.jpeg","jetpack_shortlink":"https:\/\/wp.me\/p6RhLt-rZp","jetpack_sharing_enabled":true,"_links":{"self":[{"href":"https:\/\/eldiariodesanpedro.com.ar\/sitio\/wp-json\/wp\/v2\/posts\/107595","targetHints":{"allow":["GET"]}}],"collection":[{"href":"https:\/\/eldiariodesanpedro.com.ar\/sitio\/wp-json\/wp\/v2\/posts"}],"about":[{"href":"https:\/\/eldiariodesanpedro.com.ar\/sitio\/wp-json\/wp\/v2\/types\/post"}],"author":[{"embeddable":true,"href":"https:\/\/eldiariodesanpedro.com.ar\/sitio\/wp-json\/wp\/v2\/users\/4"}],"replies":[{"embeddable":true,"href":"https:\/\/eldiariodesanpedro.com.ar\/sitio\/wp-json\/wp\/v2\/comments?post=107595"}],"version-history":[{"count":1,"href":"https:\/\/eldiariodesanpedro.com.ar\/sitio\/wp-json\/wp\/v2\/posts\/107595\/revisions"}],"predecessor-version":[{"id":107600,"href":"https:\/\/eldiariodesanpedro.com.ar\/sitio\/wp-json\/wp\/v2\/posts\/107595\/revisions\/107600"}],"wp:featuredmedia":[{"embeddable":true,"href":"https:\/\/eldiariodesanpedro.com.ar\/sitio\/wp-json\/wp\/v2\/media\/107596"}],"wp:attachment":[{"href":"https:\/\/eldiariodesanpedro.com.ar\/sitio\/wp-json\/wp\/v2\/media?parent=107595"}],"wp:term":[{"taxonomy":"category","embeddable":true,"href":"https:\/\/eldiariodesanpedro.com.ar\/sitio\/wp-json\/wp\/v2\/categories?post=107595"},{"taxonomy":"post_tag","embeddable":true,"href":"https:\/\/eldiariodesanpedro.com.ar\/sitio\/wp-json\/wp\/v2\/tags?post=107595"}],"curies":[{"name":"wp","href":"https:\/\/api.w.org\/{rel}","templated":true}]}}