{"id":107591,"date":"2022-06-01T11:07:37","date_gmt":"2022-06-01T14:07:37","guid":{"rendered":"https:\/\/eldiariodesanpedro.com.ar\/sitio\/?p=107591"},"modified":"2022-06-01T11:07:38","modified_gmt":"2022-06-01T14:07:38","slug":"tareas-de-mantenimiento-y-renovacion-en-el-arbolado-del-paseo-publico","status":"publish","type":"post","link":"https:\/\/eldiariodesanpedro.com.ar\/sitio\/tareas-de-mantenimiento-y-renovacion-en-el-arbolado-del-paseo-publico\/","title":{"rendered":"Tareas de mantenimiento y renovaci\u00f3n en el arbolado del Paseo P\u00fablico"},"content":{"rendered":"<!-- VideographyWP Plugin Message: Automatic video embedding prevented by plugin options. -->\n\n<p>La Municipalidad de San Pedro, a trav\u00e9s de la Secretar\u00eda de Servicios P\u00fablicos informa que personal del \u00e1rea realiz\u00f3 tareas de mantenimiento en el Paseo P\u00fablico Municipal identificando la necesidad de implementar acciones en el arbolado p\u00fablico del lugar, entendiendo que revisten un riesgo para las personas que por all\u00ed permanentemente transitan.<\/p>\n\n\n\n<p>En funci\u00f3n de ello se realiz\u00f3 una Inspecci\u00f3n conjunta con la Direcci\u00f3n de Ambiente por la cual se coincide en la necesidad de erradicar los forestales identificados por el personal, algunos de ellos porque se encuentran secos y otros ejemplares se encuentran en mal estado vegetativo, presentando ambas situaciones riesgos para la seguridad de las personas que utilizan este espacio recreativo.<\/p>\n\n\n\n<p>Estas tareas de mantenimiento y renovaci\u00f3n del arbolado p\u00fablico se encuentran en el marco de las acciones que la Secretar\u00eda de Servicios P\u00fablicos viene realizando, ya que los forestales que se erradiquen ser\u00e1n reemplazados por nuevos ejemplares, en sitios y condiciones que aseguren la salud de los mismos.<\/p>\n\n\n\n<figure class=\"wp-block-image size-full\"><img decoding=\"async\" width=\"473\" height=\"630\" data-attachment-id=\"107592\" data-permalink=\"https:\/\/eldiariodesanpedro.com.ar\/sitio\/tareas-de-mantenimiento-y-renovacion-en-el-arbolado-del-paseo-publico\/whatsapp-image-2022-06-01-at-9-15-56-am\/\" data-orig-file=\"https:\/\/eldiariodesanpedro.com.ar\/sitio\/wp-content\/uploads\/2022\/06\/WhatsApp-Image-2022-06-01-at-9.15.56-AM.jpeg\" data-orig-size=\"473,630\" data-comments-opened=\"0\" data-image-meta=\"{&quot;aperture&quot;:&quot;0&quot;,&quot;credit&quot;:&quot;&quot;,&quot;camera&quot;:&quot;&quot;,&quot;caption&quot;:&quot;&quot;,&quot;created_timestamp&quot;:&quot;0&quot;,&quot;copyright&quot;:&quot;&quot;,&quot;focal_length&quot;:&quot;0&quot;,&quot;iso&quot;:&quot;0&quot;,&quot;shutter_speed&quot;:&quot;0&quot;,&quot;title&quot;:&quot;&quot;,&quot;orientation&quot;:&quot;0&quot;}\" data-image-title=\"WhatsApp Image 2022-06-01 at 9.15.56 AM\" data-image-description=\"\" data-image-caption=\"\" data-large-file=\"https:\/\/eldiariodesanpedro.com.ar\/sitio\/wp-content\/uploads\/2022\/06\/WhatsApp-Image-2022-06-01-at-9.15.56-AM.jpeg\" data-src=\"https:\/\/eldiariodesanpedro.com.ar\/sitio\/wp-content\/uploads\/2022\/06\/WhatsApp-Image-2022-06-01-at-9.15.56-AM.jpeg\" alt=\"\" class=\"wp-image-107592 lazyload\" data-srcset=\"https:\/\/eldiariodesanpedro.com.ar\/sitio\/wp-content\/uploads\/2022\/06\/WhatsApp-Image-2022-06-01-at-9.15.56-AM.jpeg 473w, https:\/\/eldiariodesanpedro.com.ar\/sitio\/wp-content\/uploads\/2022\/06\/WhatsApp-Image-2022-06-01-at-9.15.56-AM-225x300.jpeg 225w\" data-sizes=\"(max-width: 473px) 100vw, 473px\" src=\"data:image\/svg+xml;base64,PHN2ZyB3aWR0aD0iMSIgaGVpZ2h0PSIxIiB4bWxucz0iaHR0cDovL3d3dy53My5vcmcvMjAwMC9zdmciPjwvc3ZnPg==\" style=\"--smush-placeholder-width: 473px; --smush-placeholder-aspect-ratio: 473\/630;\" \/><\/figure>\n","protected":false},"excerpt":{"rendered":"<p>La Municipalidad de San Pedro, a trav\u00e9s de la Secretar\u00eda de Servicios P\u00fablicos informa que personal del \u00e1rea realiz\u00f3 tareas de mantenimiento en el Paseo P\u00fablico Municipal identificando la necesidad de implementar acciones en el arbolado p\u00fablico del lugar, entendiendo que revisten un riesgo para las personas que por all\u00ed permanentemente transitan. En funci\u00f3n de [&hellip;]<\/p>\n","protected":false},"author":4,"featured_media":107593,"comment_status":"closed","ping_status":"closed","sticky":false,"template":"","format":"standard","meta":{"om_disable_all_campaigns":false,"_jetpack_memberships_contains_paid_content":false,"footnotes":""},"categories":[101,2],"tags":[197,696,33,19],"class_list":["post-107591","post","type-post","status-publish","format-standard","has-post-thumbnail","hentry","category-interes-general-locales","category-locales","tag-buenos-aires","tag-interes-general","tag-locales","tag-san-pedro"],"aioseo_notices":[],"gutentor_comment":0,"jetpack_featured_media_url":"https:\/\/eldiariodesanpedro.com.ar\/sitio\/wp-content\/uploads\/2022\/06\/WhatsApp-Image-2022-06-01-at-9.15.57-AM.jpeg","jetpack_shortlink":"https:\/\/wp.me\/p6RhLt-rZl","jetpack_sharing_enabled":true,"_links":{"self":[{"href":"https:\/\/eldiariodesanpedro.com.ar\/sitio\/wp-json\/wp\/v2\/posts\/107591","targetHints":{"allow":["GET"]}}],"collection":[{"href":"https:\/\/eldiariodesanpedro.com.ar\/sitio\/wp-json\/wp\/v2\/posts"}],"about":[{"href":"https:\/\/eldiariodesanpedro.com.ar\/sitio\/wp-json\/wp\/v2\/types\/post"}],"author":[{"embeddable":true,"href":"https:\/\/eldiariodesanpedro.com.ar\/sitio\/wp-json\/wp\/v2\/users\/4"}],"replies":[{"embeddable":true,"href":"https:\/\/eldiariodesanpedro.com.ar\/sitio\/wp-json\/wp\/v2\/comments?post=107591"}],"version-history":[{"count":1,"href":"https:\/\/eldiariodesanpedro.com.ar\/sitio\/wp-json\/wp\/v2\/posts\/107591\/revisions"}],"predecessor-version":[{"id":107594,"href":"https:\/\/eldiariodesanpedro.com.ar\/sitio\/wp-json\/wp\/v2\/posts\/107591\/revisions\/107594"}],"wp:featuredmedia":[{"embeddable":true,"href":"https:\/\/eldiariodesanpedro.com.ar\/sitio\/wp-json\/wp\/v2\/media\/107593"}],"wp:attachment":[{"href":"https:\/\/eldiariodesanpedro.com.ar\/sitio\/wp-json\/wp\/v2\/media?parent=107591"}],"wp:term":[{"taxonomy":"category","embeddable":true,"href":"https:\/\/eldiariodesanpedro.com.ar\/sitio\/wp-json\/wp\/v2\/categories?post=107591"},{"taxonomy":"post_tag","embeddable":true,"href":"https:\/\/eldiariodesanpedro.com.ar\/sitio\/wp-json\/wp\/v2\/tags?post=107591"}],"curies":[{"name":"wp","href":"https:\/\/api.w.org\/{rel}","templated":true}]}}