{"id":107581,"date":"2022-06-01T09:51:07","date_gmt":"2022-06-01T12:51:07","guid":{"rendered":"https:\/\/eldiariodesanpedro.com.ar\/sitio\/?p=107581"},"modified":"2022-06-01T09:51:08","modified_gmt":"2022-06-01T12:51:08","slug":"jubilados-y-pensionados-de-anses-comienzan-a-cobrar-el-aguinaldo-2022","status":"publish","type":"post","link":"https:\/\/eldiariodesanpedro.com.ar\/sitio\/jubilados-y-pensionados-de-anses-comienzan-a-cobrar-el-aguinaldo-2022\/","title":{"rendered":"Jubilados y pensionados de ANSES comienzan a cobrar el aguinaldo 2022"},"content":{"rendered":"<!-- VideographyWP Plugin Message: Automatic video embedding prevented by plugin options. -->\n\n<p>A partir de hoy, la ANSES comienza el pago del medio aguinaldo para jubilados y pensionados. Cu\u00e1nto cobran y qu\u00e9 d\u00eda seg\u00fan el DNI.<\/p>\n\n\n\n<p>Comenz\u00f3 junio y los\u00a0jubilados y pensionados\u00a0de la\u00a0<strong>Administraci\u00f3n Nacional de la Seguridad Social<\/strong>\u00a0(ANSES) comienzan a cobrar el medio\u00a0<strong>aguinaldo<\/strong>\u00a0correspondiente al mes de junio, seg\u00fan terminaci\u00f3n de DNI y en el mismo calendario de pago que su haber.<\/p>\n\n\n\n<p><strong>Los beneficiarios de ANSES recibir\u00e1n un aumento del 15%\u00a0<\/strong>que, seg\u00fan detallaron la semana pasada desde el organismo. El aguinaldo alcanzar\u00e1 a m\u00e1s de 7,2 millones de jubilados y pensionados y con el mismo, los haberes m\u00ednimos mensuales quedar\u00e1n en $37.524,96 a partir de este mes.<\/p>\n\n\n\n<h2 class=\"wp-block-heading\">\u00bfCu\u00e1l es el monto del aguinaldo 2022?<\/h2>\n\n\n\n<p>El medio aguinaldo lo cobran los trabajadores del sector privado, p\u00fablico y los jubilados y pensionados de la ANSES, organismo que dirige Fernanda Raverta. Cada medio aguinaldo corresponde al 50% de la mayor remuneraci\u00f3n mensual percibida por el titular, en este caso de la jubilaci\u00f3n o pensi\u00f3n.<\/p>\n\n\n\n<p><strong>El monto se cobra dentro de cada uno de los semestres, abonados en dos partes, una en junio y otra en diciembre de cada a\u00f1o.<\/strong>\u00a0Hace unos d\u00edas, la ANSES comunic\u00f3 que \u00abel aguinaldo se depositar\u00e1 en forma autom\u00e1tica junto al haber de junio que ya tendr\u00e1 el aumento del 15% por la nueva Ley de movilidad previsional\u00bb.<\/p>\n\n\n\n<p>De esta manera, una persona que percibe el haber m\u00ednimo en el mes de junio de 2022, incluyendo el aguinaldo, cobrar\u00e1 56.287 pesos; mientras que una persona con ingresos equivalentes a dos haberes m\u00ednimos incluyendo el aguinaldo recibir\u00e1 112.574 pesos.<\/p>\n\n\n\n<p>\u00bfQui\u00e9n cobra hoy el aguinaldo 2022?<br>Este mi\u00e9rcoles 1 de junio, cobran los beneficiarios y las beneficiarias de Pensiones No Contributivas (PNC), con la terminaci\u00f3n de DNI en 0 y 1. Se trata del pago del haber correspondiente al mes en curso, en el que autom\u00e1ticamente se le incluye el aguinaldo.<\/p>\n\n\n\n<p>Haber mensual y aguinaldo: \u00bfQu\u00e9 d\u00eda cobran los jubilados y pensionados de ANSES?<br>Pensiones No Contributivas<br>DNI terminado en 0 y 1: 1 de junio.<br>DNI terminado en 2 y 3: 2 de junio.<br>DNI terminado en 4 y 5: 3 de junio.<br>DNI terminado en6 y 7: 6 de junio.<br>DNI terminado en 8 y 9: 7 de junio.<\/p>\n\n\n\n<p>Jubilados y pensionados: haberes que no superen $42.178 mensuales<br>DNI terminado en 0: 8 de junio.<br>DNI terminado en 1: 9 de junio.<br>DNI terminado en 2: 10 de junio.<br>DNI terminado en 3: 13 de junio.<br>DNI terminado en 4: 14 de junio.<br>DNI terminado en 5: 15 de junio.<br>DNI terminado en 6: 16 de junio.<br>DNI terminado en 7: 16 de junio.<br>DNI terminado en 8: 21 de junio.<br>DNI terminado en 9: 22 de junio.<\/p>\n\n\n\n<p>Jubilados y pensionados: haberes que superen $42.178 mensuales<br>DNI terminado en 0 y 1: 23 de junio.<br>DNI terminado en 2 y 3: 24 de junio.<br>DNI terminado en 4 y 5: 27 de junio.<br>DNI terminado en 6 y 7: 28 de junio.<br>DNI terminado en 8 y 9: 29 de junio.<\/p>\n\n\n\n<p><a href=\"https:\/\/media.infocielo.com\/p\/e7bb3d159c4ecd5feb43c4c1f8c74ca3\/adjuntos\/299\/imagenes\/001\/412\/0001412044\/887x0\/smart\/anses-jubilacion-jubilados-tramites-1webp.png\"><\/a><\/p>\n","protected":false},"excerpt":{"rendered":"<p>A partir de hoy, la ANSES comienza el pago del medio aguinaldo para jubilados y pensionados. Cu\u00e1nto cobran y qu\u00e9 d\u00eda seg\u00fan el DNI. Comenz\u00f3 junio y los\u00a0jubilados y pensionados\u00a0de la\u00a0Administraci\u00f3n Nacional de la Seguridad Social\u00a0(ANSES) comienzan a cobrar el medio\u00a0aguinaldo\u00a0correspondiente al mes de junio, seg\u00fan terminaci\u00f3n de DNI y en el mismo calendario de [&hellip;]<\/p>\n","protected":false},"author":4,"featured_media":88272,"comment_status":"closed","ping_status":"closed","sticky":false,"template":"","format":"standard","meta":{"om_disable_all_campaigns":false,"_jetpack_memberships_contains_paid_content":false,"footnotes":""},"categories":[101,2],"tags":[197,696,33,19],"class_list":["post-107581","post","type-post","status-publish","format-standard","has-post-thumbnail","hentry","category-interes-general-locales","category-locales","tag-buenos-aires","tag-interes-general","tag-locales","tag-san-pedro"],"aioseo_notices":[],"gutentor_comment":0,"jetpack_featured_media_url":"https:\/\/eldiariodesanpedro.com.ar\/sitio\/wp-content\/uploads\/2021\/02\/anses-jubilados.jpg","jetpack_shortlink":"https:\/\/wp.me\/p6RhLt-rZb","jetpack_sharing_enabled":true,"_links":{"self":[{"href":"https:\/\/eldiariodesanpedro.com.ar\/sitio\/wp-json\/wp\/v2\/posts\/107581","targetHints":{"allow":["GET"]}}],"collection":[{"href":"https:\/\/eldiariodesanpedro.com.ar\/sitio\/wp-json\/wp\/v2\/posts"}],"about":[{"href":"https:\/\/eldiariodesanpedro.com.ar\/sitio\/wp-json\/wp\/v2\/types\/post"}],"author":[{"embeddable":true,"href":"https:\/\/eldiariodesanpedro.com.ar\/sitio\/wp-json\/wp\/v2\/users\/4"}],"replies":[{"embeddable":true,"href":"https:\/\/eldiariodesanpedro.com.ar\/sitio\/wp-json\/wp\/v2\/comments?post=107581"}],"version-history":[{"count":1,"href":"https:\/\/eldiariodesanpedro.com.ar\/sitio\/wp-json\/wp\/v2\/posts\/107581\/revisions"}],"predecessor-version":[{"id":107582,"href":"https:\/\/eldiariodesanpedro.com.ar\/sitio\/wp-json\/wp\/v2\/posts\/107581\/revisions\/107582"}],"wp:featuredmedia":[{"embeddable":true,"href":"https:\/\/eldiariodesanpedro.com.ar\/sitio\/wp-json\/wp\/v2\/media\/88272"}],"wp:attachment":[{"href":"https:\/\/eldiariodesanpedro.com.ar\/sitio\/wp-json\/wp\/v2\/media?parent=107581"}],"wp:term":[{"taxonomy":"category","embeddable":true,"href":"https:\/\/eldiariodesanpedro.com.ar\/sitio\/wp-json\/wp\/v2\/categories?post=107581"},{"taxonomy":"post_tag","embeddable":true,"href":"https:\/\/eldiariodesanpedro.com.ar\/sitio\/wp-json\/wp\/v2\/tags?post=107581"}],"curies":[{"name":"wp","href":"https:\/\/api.w.org\/{rel}","templated":true}]}}