{"id":107579,"date":"2022-06-01T09:46:10","date_gmt":"2022-06-01T12:46:10","guid":{"rendered":"https:\/\/eldiariodesanpedro.com.ar\/sitio\/?p=107579"},"modified":"2022-06-01T09:46:11","modified_gmt":"2022-06-01T12:46:11","slug":"anses-quienes-cobran-hoy-1-de-junio-jubilaciones-auh-suaf-aue","status":"publish","type":"post","link":"https:\/\/eldiariodesanpedro.com.ar\/sitio\/anses-quienes-cobran-hoy-1-de-junio-jubilaciones-auh-suaf-aue\/","title":{"rendered":"ANSES: qui\u00e9nes cobran hoy, 1 de junio, jubilaciones, AUH, SUAF, AUE"},"content":{"rendered":"<!-- VideographyWP Plugin Message: Automatic video embedding prevented by plugin options. -->\n\n<p>Comienza el calendario de pagos de Anses correspondiente al mes de junio. Mir\u00e1 qui\u00e9nes cobran este mi\u00e9rcoles 1 de junio.<\/p>\n\n\n\n<p>La\u00a0<strong>Administraci\u00f3n Nacional de la Seguridad Social (ANSES)<\/strong>\u00a0contin\u00faa su\u00a0calendario\u00a0de pagos correspondiente al mes de\u00a0junio\u00a0de 2022. En el mismo, constan las fechas de cobro de jubilaciones, pensiones, Asignaci\u00f3n Universal por Hijo (AUH), Asignaci\u00f3n Universal por Embarazo, Asignaciones Familiares, Pensiones No Contributivas y Programa Desempleo 1, 2 y 3, entre otros beneficios del organismo previsional.<\/p>\n\n\n\n<h2 class=\"wp-block-heading\">\u00bfQui\u00e9nes cobran Anses este mi\u00e9rcoles 1 de junio?<\/h2>\n\n\n\n<p><strong>Este d\u00eda h\u00e1bil de junio cobran los beneficiarios y las beneficiarias de Pensiones No Contributivas (PNC) y Tarjeta Alimentar.<\/strong>\u00a0Se trata del pago del haber correspondiente al mes en curso.<\/p>\n\n\n\n<h2 class=\"wp-block-heading\">Calendario de cobro de Pensiones No Contributivas<\/h2>\n\n\n\n<ul class=\"wp-block-list\"><li>DNI terminado en 0 y 1: 1 de junio.<\/li><li>DNI terminado en 2 y 3: 2 de junio.<\/li><li>DNI terminado en 4 y 5: 3 de junio.<\/li><li>DNI terminado en 6 y 7: 6 de junio.<\/li><li>DNI terminado en 8 y 9: 7 de junio.<\/li><\/ul>\n\n\n\n<h2 class=\"wp-block-heading\">Calendario de cobro de Tarjeta Alimentar para PNC<\/h2>\n\n\n\n<p>A trav\u00e9s del programa Alimentar, los titulares de la AUH cobrar\u00e1n un monto m\u00e1ximo que alcanzar\u00e1 los $18.000. Los titulares con un hijo o hija menor a 14 a\u00f1os cobrar\u00e1 $9000; con dos hijos o hijas menores de 14 a\u00f1os cobrar\u00e1 $13.000; y con tres o m\u00e1s hijos o hijas menores de 14 a\u00f1os cobrar\u00e1 $18.000. Estos d\u00edas se depositar\u00e1 el dinero:<\/p>\n\n\n\n<ul class=\"wp-block-list\"><li>DNI terminado en 0 y 1: 1 de junio.<\/li><li>DNI terminado en 2 y 3: 2 de junio.<\/li><li>DNI terminado en 4 y 5: 3 de junio.<\/li><li>DNI terminado en 6 y 7: 6 de junio.<\/li><li>DNI terminado en 8 y 9: 7 de junio.<\/li><\/ul>\n\n\n\n<p>La Administraci\u00f3n Nacional de la Seguridad Social (Anses) record\u00f3 que, si bien no tienen que solicitar turno para cobrar este beneficio, deben acercarse a la entidad bancaria \u00fanicamente en la fecha asignada.<\/p>\n\n\n\n<p>El resto de las prestaciones comenzar\u00e1 su calendario de pagos en los pr\u00f3ximos d\u00edas.<\/p>\n\n\n\n<p><a href=\"https:\/\/media.infocielo.com\/p\/30ab6a2245f504a85d5f228b788264d0\/adjuntos\/299\/imagenes\/001\/335\/0001335539\/887x0\/smart\/anses-cjpg.jpg\"><\/a><\/p>\n","protected":false},"excerpt":{"rendered":"<p>Comienza el calendario de pagos de Anses correspondiente al mes de junio. Mir\u00e1 qui\u00e9nes cobran este mi\u00e9rcoles 1 de junio. La\u00a0Administraci\u00f3n Nacional de la Seguridad Social (ANSES)\u00a0contin\u00faa su\u00a0calendario\u00a0de pagos correspondiente al mes de\u00a0junio\u00a0de 2022. En el mismo, constan las fechas de cobro de jubilaciones, pensiones, Asignaci\u00f3n Universal por Hijo (AUH), Asignaci\u00f3n Universal por Embarazo, Asignaciones [&hellip;]<\/p>\n","protected":false},"author":4,"featured_media":88397,"comment_status":"closed","ping_status":"closed","sticky":false,"template":"","format":"standard","meta":{"om_disable_all_campaigns":false,"_jetpack_memberships_contains_paid_content":false,"footnotes":""},"categories":[101,2],"tags":[197,696,33,19],"class_list":["post-107579","post","type-post","status-publish","format-standard","has-post-thumbnail","hentry","category-interes-general-locales","category-locales","tag-buenos-aires","tag-interes-general","tag-locales","tag-san-pedro"],"aioseo_notices":[],"gutentor_comment":0,"jetpack_featured_media_url":"https:\/\/eldiariodesanpedro.com.ar\/sitio\/wp-content\/uploads\/2021\/03\/anses.jpg","jetpack_shortlink":"https:\/\/wp.me\/p6RhLt-rZ9","jetpack_sharing_enabled":true,"_links":{"self":[{"href":"https:\/\/eldiariodesanpedro.com.ar\/sitio\/wp-json\/wp\/v2\/posts\/107579","targetHints":{"allow":["GET"]}}],"collection":[{"href":"https:\/\/eldiariodesanpedro.com.ar\/sitio\/wp-json\/wp\/v2\/posts"}],"about":[{"href":"https:\/\/eldiariodesanpedro.com.ar\/sitio\/wp-json\/wp\/v2\/types\/post"}],"author":[{"embeddable":true,"href":"https:\/\/eldiariodesanpedro.com.ar\/sitio\/wp-json\/wp\/v2\/users\/4"}],"replies":[{"embeddable":true,"href":"https:\/\/eldiariodesanpedro.com.ar\/sitio\/wp-json\/wp\/v2\/comments?post=107579"}],"version-history":[{"count":1,"href":"https:\/\/eldiariodesanpedro.com.ar\/sitio\/wp-json\/wp\/v2\/posts\/107579\/revisions"}],"predecessor-version":[{"id":107580,"href":"https:\/\/eldiariodesanpedro.com.ar\/sitio\/wp-json\/wp\/v2\/posts\/107579\/revisions\/107580"}],"wp:featuredmedia":[{"embeddable":true,"href":"https:\/\/eldiariodesanpedro.com.ar\/sitio\/wp-json\/wp\/v2\/media\/88397"}],"wp:attachment":[{"href":"https:\/\/eldiariodesanpedro.com.ar\/sitio\/wp-json\/wp\/v2\/media?parent=107579"}],"wp:term":[{"taxonomy":"category","embeddable":true,"href":"https:\/\/eldiariodesanpedro.com.ar\/sitio\/wp-json\/wp\/v2\/categories?post=107579"},{"taxonomy":"post_tag","embeddable":true,"href":"https:\/\/eldiariodesanpedro.com.ar\/sitio\/wp-json\/wp\/v2\/tags?post=107579"}],"curies":[{"name":"wp","href":"https:\/\/api.w.org\/{rel}","templated":true}]}}