{"id":107577,"date":"2022-06-01T09:54:11","date_gmt":"2022-06-01T12:54:11","guid":{"rendered":"https:\/\/eldiariodesanpedro.com.ar\/sitio\/?p=107577"},"modified":"2022-06-01T09:54:12","modified_gmt":"2022-06-01T12:54:12","slug":"un-bora-se-prendio-fuego-en-la-via-publica-y-hubo-intervencion-de-bomberos","status":"publish","type":"post","link":"https:\/\/eldiariodesanpedro.com.ar\/sitio\/un-bora-se-prendio-fuego-en-la-via-publica-y-hubo-intervencion-de-bomberos\/","title":{"rendered":"Un Bora se prendi\u00f3 fuego en la v\u00eda p\u00fablica y hubo intervenci\u00f3n de bomberos"},"content":{"rendered":"<!-- VideographyWP Plugin Message: Automatic video embedding prevented by plugin options. -->\n\n<p>Ocurri\u00f3 antes de las 20.00 de este martes en Esqui\u00fa al 100. Una mujer conduc\u00eda un Volkswagen Bora con GNC cuyo motor tom\u00f3 fuego mientras circulaba. Bomberos logr\u00f3 controlar el foco y apagar el incendio.<\/p>\n\n\n\n<p>Una unidad del cuartel de Bomberos Voluntarios sofoc\u00f3 el incendio de un autom\u00f3vil con GNC que se prendi\u00f3 fuego mientras circulaba por la v\u00eda publica en el barrio Los Aromos.<\/p>\n\n\n\n<p>Una unidad del cuartel de Bomberos Voluntarios sofoc\u00f3 el incendio de un autom\u00f3vil con GNC que se prendi\u00f3 fuego mientras circulaba por la v\u00eda publica en el barrio Los Aromos.<\/p>\n\n\n\n<figure class=\"wp-block-image size-large\"><img decoding=\"async\" width=\"1024\" height=\"576\" data-attachment-id=\"107588\" data-permalink=\"https:\/\/eldiariodesanpedro.com.ar\/sitio\/un-bora-se-prendio-fuego-en-la-via-publica-y-hubo-intervencion-de-bomberos\/whatsapp-image-2022-05-31-at-8-02-26-pm\/\" data-orig-file=\"https:\/\/eldiariodesanpedro.com.ar\/sitio\/wp-content\/uploads\/2022\/05\/WhatsApp-Image-2022-05-31-at-8.02.26-PM.jpeg\" data-orig-size=\"1120,630\" data-comments-opened=\"0\" data-image-meta=\"{&quot;aperture&quot;:&quot;0&quot;,&quot;credit&quot;:&quot;&quot;,&quot;camera&quot;:&quot;&quot;,&quot;caption&quot;:&quot;&quot;,&quot;created_timestamp&quot;:&quot;0&quot;,&quot;copyright&quot;:&quot;&quot;,&quot;focal_length&quot;:&quot;0&quot;,&quot;iso&quot;:&quot;0&quot;,&quot;shutter_speed&quot;:&quot;0&quot;,&quot;title&quot;:&quot;&quot;,&quot;orientation&quot;:&quot;0&quot;}\" data-image-title=\"WhatsApp Image 2022-05-31 at 8.02.26 PM\" data-image-description=\"\" data-image-caption=\"\" data-large-file=\"https:\/\/eldiariodesanpedro.com.ar\/sitio\/wp-content\/uploads\/2022\/05\/WhatsApp-Image-2022-05-31-at-8.02.26-PM-1024x576.jpeg\" data-src=\"https:\/\/eldiariodesanpedro.com.ar\/sitio\/wp-content\/uploads\/2022\/05\/WhatsApp-Image-2022-05-31-at-8.02.26-PM-1024x576.jpeg\" alt=\"\" class=\"wp-image-107588 lazyload\" data-srcset=\"https:\/\/eldiariodesanpedro.com.ar\/sitio\/wp-content\/uploads\/2022\/05\/WhatsApp-Image-2022-05-31-at-8.02.26-PM-1024x576.jpeg 1024w, https:\/\/eldiariodesanpedro.com.ar\/sitio\/wp-content\/uploads\/2022\/05\/WhatsApp-Image-2022-05-31-at-8.02.26-PM-300x169.jpeg 300w, https:\/\/eldiariodesanpedro.com.ar\/sitio\/wp-content\/uploads\/2022\/05\/WhatsApp-Image-2022-05-31-at-8.02.26-PM-768x432.jpeg 768w, https:\/\/eldiariodesanpedro.com.ar\/sitio\/wp-content\/uploads\/2022\/05\/WhatsApp-Image-2022-05-31-at-8.02.26-PM.jpeg 1120w\" data-sizes=\"(max-width: 1024px) 100vw, 1024px\" src=\"data:image\/svg+xml;base64,PHN2ZyB3aWR0aD0iMSIgaGVpZ2h0PSIxIiB4bWxucz0iaHR0cDovL3d3dy53My5vcmcvMjAwMC9zdmciPjwvc3ZnPg==\" style=\"--smush-placeholder-width: 1024px; --smush-placeholder-aspect-ratio: 1024\/576;\" \/><\/figure>\n\n\n\n<figure class=\"wp-block-image size-large\"><img decoding=\"async\" width=\"1024\" height=\"576\" data-attachment-id=\"107584\" data-permalink=\"https:\/\/eldiariodesanpedro.com.ar\/sitio\/un-bora-se-prendio-fuego-en-la-via-publica-y-hubo-intervencion-de-bomberos\/whatsapp-image-2022-05-31-at-8-01-34-pm\/\" data-orig-file=\"https:\/\/eldiariodesanpedro.com.ar\/sitio\/wp-content\/uploads\/2022\/05\/WhatsApp-Image-2022-05-31-at-8.01.34-PM.jpeg\" data-orig-size=\"1120,630\" data-comments-opened=\"0\" data-image-meta=\"{&quot;aperture&quot;:&quot;0&quot;,&quot;credit&quot;:&quot;&quot;,&quot;camera&quot;:&quot;&quot;,&quot;caption&quot;:&quot;&quot;,&quot;created_timestamp&quot;:&quot;0&quot;,&quot;copyright&quot;:&quot;&quot;,&quot;focal_length&quot;:&quot;0&quot;,&quot;iso&quot;:&quot;0&quot;,&quot;shutter_speed&quot;:&quot;0&quot;,&quot;title&quot;:&quot;&quot;,&quot;orientation&quot;:&quot;0&quot;}\" data-image-title=\"WhatsApp Image 2022-05-31 at 8.01.34 PM\" data-image-description=\"\" data-image-caption=\"\" data-large-file=\"https:\/\/eldiariodesanpedro.com.ar\/sitio\/wp-content\/uploads\/2022\/05\/WhatsApp-Image-2022-05-31-at-8.01.34-PM-1024x576.jpeg\" data-src=\"https:\/\/eldiariodesanpedro.com.ar\/sitio\/wp-content\/uploads\/2022\/05\/WhatsApp-Image-2022-05-31-at-8.01.34-PM-1024x576.jpeg\" alt=\"\" class=\"wp-image-107584 lazyload\" data-srcset=\"https:\/\/eldiariodesanpedro.com.ar\/sitio\/wp-content\/uploads\/2022\/05\/WhatsApp-Image-2022-05-31-at-8.01.34-PM-1024x576.jpeg 1024w, https:\/\/eldiariodesanpedro.com.ar\/sitio\/wp-content\/uploads\/2022\/05\/WhatsApp-Image-2022-05-31-at-8.01.34-PM-300x169.jpeg 300w, https:\/\/eldiariodesanpedro.com.ar\/sitio\/wp-content\/uploads\/2022\/05\/WhatsApp-Image-2022-05-31-at-8.01.34-PM-768x432.jpeg 768w, https:\/\/eldiariodesanpedro.com.ar\/sitio\/wp-content\/uploads\/2022\/05\/WhatsApp-Image-2022-05-31-at-8.01.34-PM.jpeg 1120w\" data-sizes=\"(max-width: 1024px) 100vw, 1024px\" src=\"data:image\/svg+xml;base64,PHN2ZyB3aWR0aD0iMSIgaGVpZ2h0PSIxIiB4bWxucz0iaHR0cDovL3d3dy53My5vcmcvMjAwMC9zdmciPjwvc3ZnPg==\" style=\"--smush-placeholder-width: 1024px; --smush-placeholder-aspect-ratio: 1024\/576;\" \/><\/figure>\n\n\n\n<figure class=\"wp-block-image size-large\"><img decoding=\"async\" width=\"1024\" height=\"576\" data-attachment-id=\"107583\" data-permalink=\"https:\/\/eldiariodesanpedro.com.ar\/sitio\/un-bora-se-prendio-fuego-en-la-via-publica-y-hubo-intervencion-de-bomberos\/whatsapp-image-2022-05-31-at-8-01-34-1-pm\/\" data-orig-file=\"https:\/\/eldiariodesanpedro.com.ar\/sitio\/wp-content\/uploads\/2022\/05\/WhatsApp-Image-2022-05-31-at-8.01.34-1-PM.jpeg\" data-orig-size=\"1120,630\" data-comments-opened=\"0\" data-image-meta=\"{&quot;aperture&quot;:&quot;0&quot;,&quot;credit&quot;:&quot;&quot;,&quot;camera&quot;:&quot;&quot;,&quot;caption&quot;:&quot;&quot;,&quot;created_timestamp&quot;:&quot;0&quot;,&quot;copyright&quot;:&quot;&quot;,&quot;focal_length&quot;:&quot;0&quot;,&quot;iso&quot;:&quot;0&quot;,&quot;shutter_speed&quot;:&quot;0&quot;,&quot;title&quot;:&quot;&quot;,&quot;orientation&quot;:&quot;0&quot;}\" data-image-title=\"WhatsApp Image 2022-05-31 at 8.01.34 1 PM\" data-image-description=\"\" data-image-caption=\"\" data-large-file=\"https:\/\/eldiariodesanpedro.com.ar\/sitio\/wp-content\/uploads\/2022\/05\/WhatsApp-Image-2022-05-31-at-8.01.34-1-PM-1024x576.jpeg\" data-src=\"https:\/\/eldiariodesanpedro.com.ar\/sitio\/wp-content\/uploads\/2022\/05\/WhatsApp-Image-2022-05-31-at-8.01.34-1-PM-1024x576.jpeg\" alt=\"\" class=\"wp-image-107583 lazyload\" data-srcset=\"https:\/\/eldiariodesanpedro.com.ar\/sitio\/wp-content\/uploads\/2022\/05\/WhatsApp-Image-2022-05-31-at-8.01.34-1-PM-1024x576.jpeg 1024w, https:\/\/eldiariodesanpedro.com.ar\/sitio\/wp-content\/uploads\/2022\/05\/WhatsApp-Image-2022-05-31-at-8.01.34-1-PM-300x169.jpeg 300w, https:\/\/eldiariodesanpedro.com.ar\/sitio\/wp-content\/uploads\/2022\/05\/WhatsApp-Image-2022-05-31-at-8.01.34-1-PM-768x432.jpeg 768w, https:\/\/eldiariodesanpedro.com.ar\/sitio\/wp-content\/uploads\/2022\/05\/WhatsApp-Image-2022-05-31-at-8.01.34-1-PM.jpeg 1120w\" data-sizes=\"(max-width: 1024px) 100vw, 1024px\" src=\"data:image\/svg+xml;base64,PHN2ZyB3aWR0aD0iMSIgaGVpZ2h0PSIxIiB4bWxucz0iaHR0cDovL3d3dy53My5vcmcvMjAwMC9zdmciPjwvc3ZnPg==\" style=\"--smush-placeholder-width: 1024px; --smush-placeholder-aspect-ratio: 1024\/576;\" \/><\/figure>\n\n\n\n<figure class=\"wp-block-image size-large\"><img decoding=\"async\" width=\"1024\" height=\"576\" data-attachment-id=\"107586\" data-permalink=\"https:\/\/eldiariodesanpedro.com.ar\/sitio\/un-bora-se-prendio-fuego-en-la-via-publica-y-hubo-intervencion-de-bomberos\/whatsapp-image-2022-05-31-at-8-01-36-pm\/\" data-orig-file=\"https:\/\/eldiariodesanpedro.com.ar\/sitio\/wp-content\/uploads\/2022\/05\/WhatsApp-Image-2022-05-31-at-8.01.36-PM.jpeg\" data-orig-size=\"1120,630\" data-comments-opened=\"0\" data-image-meta=\"{&quot;aperture&quot;:&quot;0&quot;,&quot;credit&quot;:&quot;&quot;,&quot;camera&quot;:&quot;&quot;,&quot;caption&quot;:&quot;&quot;,&quot;created_timestamp&quot;:&quot;0&quot;,&quot;copyright&quot;:&quot;&quot;,&quot;focal_length&quot;:&quot;0&quot;,&quot;iso&quot;:&quot;0&quot;,&quot;shutter_speed&quot;:&quot;0&quot;,&quot;title&quot;:&quot;&quot;,&quot;orientation&quot;:&quot;0&quot;}\" data-image-title=\"WhatsApp Image 2022-05-31 at 8.01.36 PM\" data-image-description=\"\" data-image-caption=\"\" data-large-file=\"https:\/\/eldiariodesanpedro.com.ar\/sitio\/wp-content\/uploads\/2022\/05\/WhatsApp-Image-2022-05-31-at-8.01.36-PM-1024x576.jpeg\" data-src=\"https:\/\/eldiariodesanpedro.com.ar\/sitio\/wp-content\/uploads\/2022\/05\/WhatsApp-Image-2022-05-31-at-8.01.36-PM-1024x576.jpeg\" alt=\"\" class=\"wp-image-107586 lazyload\" data-srcset=\"https:\/\/eldiariodesanpedro.com.ar\/sitio\/wp-content\/uploads\/2022\/05\/WhatsApp-Image-2022-05-31-at-8.01.36-PM-1024x576.jpeg 1024w, https:\/\/eldiariodesanpedro.com.ar\/sitio\/wp-content\/uploads\/2022\/05\/WhatsApp-Image-2022-05-31-at-8.01.36-PM-300x169.jpeg 300w, https:\/\/eldiariodesanpedro.com.ar\/sitio\/wp-content\/uploads\/2022\/05\/WhatsApp-Image-2022-05-31-at-8.01.36-PM-768x432.jpeg 768w, https:\/\/eldiariodesanpedro.com.ar\/sitio\/wp-content\/uploads\/2022\/05\/WhatsApp-Image-2022-05-31-at-8.01.36-PM.jpeg 1120w\" data-sizes=\"(max-width: 1024px) 100vw, 1024px\" src=\"data:image\/svg+xml;base64,PHN2ZyB3aWR0aD0iMSIgaGVpZ2h0PSIxIiB4bWxucz0iaHR0cDovL3d3dy53My5vcmcvMjAwMC9zdmciPjwvc3ZnPg==\" style=\"--smush-placeholder-width: 1024px; --smush-placeholder-aspect-ratio: 1024\/576;\" \/><\/figure>\n\n\n\n<p><a href=\"https:\/\/www.laopinionsemanario.com.ar\/secciones\/informacion-general\/\"><\/a><\/p>\n","protected":false},"excerpt":{"rendered":"<p>Ocurri\u00f3 antes de las 20.00 de este martes en Esqui\u00fa al 100. Una mujer conduc\u00eda un Volkswagen Bora con GNC cuyo motor tom\u00f3 fuego mientras circulaba. Bomberos logr\u00f3 controlar el foco y apagar el incendio. Una unidad del cuartel de Bomberos Voluntarios sofoc\u00f3 el incendio de un autom\u00f3vil con GNC que se prendi\u00f3 fuego mientras [&hellip;]<\/p>\n","protected":false},"author":4,"featured_media":107587,"comment_status":"closed","ping_status":"closed","sticky":false,"template":"","format":"standard","meta":{"om_disable_all_campaigns":false,"_jetpack_memberships_contains_paid_content":false,"footnotes":""},"categories":[50,2,103],"tags":[197,33,95,19],"class_list":["post-107577","post","type-post","status-publish","format-standard","has-post-thumbnail","hentry","category-destacadas","category-locales","category-policiales-locales","tag-buenos-aires","tag-locales","tag-policiales","tag-san-pedro"],"aioseo_notices":[],"gutentor_comment":0,"jetpack_featured_media_url":"https:\/\/eldiariodesanpedro.com.ar\/sitio\/wp-content\/uploads\/2022\/05\/WhatsApp-Image-2022-05-31-at-8.01.38-PM.jpeg","jetpack_shortlink":"https:\/\/wp.me\/p6RhLt-rZ7","jetpack_sharing_enabled":true,"_links":{"self":[{"href":"https:\/\/eldiariodesanpedro.com.ar\/sitio\/wp-json\/wp\/v2\/posts\/107577","targetHints":{"allow":["GET"]}}],"collection":[{"href":"https:\/\/eldiariodesanpedro.com.ar\/sitio\/wp-json\/wp\/v2\/posts"}],"about":[{"href":"https:\/\/eldiariodesanpedro.com.ar\/sitio\/wp-json\/wp\/v2\/types\/post"}],"author":[{"embeddable":true,"href":"https:\/\/eldiariodesanpedro.com.ar\/sitio\/wp-json\/wp\/v2\/users\/4"}],"replies":[{"embeddable":true,"href":"https:\/\/eldiariodesanpedro.com.ar\/sitio\/wp-json\/wp\/v2\/comments?post=107577"}],"version-history":[{"count":1,"href":"https:\/\/eldiariodesanpedro.com.ar\/sitio\/wp-json\/wp\/v2\/posts\/107577\/revisions"}],"predecessor-version":[{"id":107590,"href":"https:\/\/eldiariodesanpedro.com.ar\/sitio\/wp-json\/wp\/v2\/posts\/107577\/revisions\/107590"}],"wp:featuredmedia":[{"embeddable":true,"href":"https:\/\/eldiariodesanpedro.com.ar\/sitio\/wp-json\/wp\/v2\/media\/107587"}],"wp:attachment":[{"href":"https:\/\/eldiariodesanpedro.com.ar\/sitio\/wp-json\/wp\/v2\/media?parent=107577"}],"wp:term":[{"taxonomy":"category","embeddable":true,"href":"https:\/\/eldiariodesanpedro.com.ar\/sitio\/wp-json\/wp\/v2\/categories?post=107577"},{"taxonomy":"post_tag","embeddable":true,"href":"https:\/\/eldiariodesanpedro.com.ar\/sitio\/wp-json\/wp\/v2\/tags?post=107577"}],"curies":[{"name":"wp","href":"https:\/\/api.w.org\/{rel}","templated":true}]}}