{"id":107575,"date":"2022-05-31T10:44:52","date_gmt":"2022-05-31T13:44:52","guid":{"rendered":"https:\/\/eldiariodesanpedro.com.ar\/sitio\/?p=107575"},"modified":"2022-05-31T10:44:53","modified_gmt":"2022-05-31T13:44:53","slug":"mujer-perdio-la-billetera-y-quien-la-encontro-realizo-compras-con-su-tarjeta-de-debito","status":"publish","type":"post","link":"https:\/\/eldiariodesanpedro.com.ar\/sitio\/mujer-perdio-la-billetera-y-quien-la-encontro-realizo-compras-con-su-tarjeta-de-debito\/","title":{"rendered":"Mujer perdi\u00f3 la billetera y quien la encontr\u00f3 realiz\u00f3 compras con su tarjeta de d\u00e9bito"},"content":{"rendered":"<!-- VideographyWP Plugin Message: Automatic video embedding prevented by plugin options. -->\n\n<p>Este lunes una mujer denunci\u00f3 en la comisar\u00eda local que realizaron compras con su tarjeta bancaria extraviada.<br>En la jornada de ayer en horas de la tarde una mujer de 64 a\u00f1os de edad se hizo presente en la comisar\u00eda local donde denunci\u00f3 que d\u00edas antes extravi\u00f3 su billetera en cercan\u00edas de su vivienda ubicada en calle Fray Cayetano Rodriguez al 100, posteriormente pudo constatar a trav\u00e9s de homebanking que personas desconocidas realizaron compras con su tarjeta de d\u00e9bito.<br>La fiscal\u00eda N\u00ba 7 investiga el hecho para tratar de dar con los estafadores.<\/p>\n","protected":false},"excerpt":{"rendered":"<p>Este lunes una mujer denunci\u00f3 en la comisar\u00eda local que realizaron compras con su tarjeta bancaria extraviada.En la jornada de ayer en horas de la tarde una mujer de 64 a\u00f1os de edad se hizo presente en la comisar\u00eda local donde denunci\u00f3 que d\u00edas antes extravi\u00f3 su billetera en cercan\u00edas de su vivienda ubicada en [&hellip;]<\/p>\n","protected":false},"author":4,"featured_media":103679,"comment_status":"closed","ping_status":"closed","sticky":false,"template":"","format":"standard","meta":{"om_disable_all_campaigns":false,"_jetpack_memberships_contains_paid_content":false,"footnotes":""},"categories":[50,2,103],"tags":[197,33,95,19],"class_list":["post-107575","post","type-post","status-publish","format-standard","has-post-thumbnail","hentry","category-destacadas","category-locales","category-policiales-locales","tag-buenos-aires","tag-locales","tag-policiales","tag-san-pedro"],"aioseo_notices":[],"gutentor_comment":0,"jetpack_featured_media_url":"https:\/\/eldiariodesanpedro.com.ar\/sitio\/wp-content\/uploads\/2022\/02\/comisaria_san_pedro.jpg","jetpack_shortlink":"https:\/\/wp.me\/p6RhLt-rZ5","jetpack_sharing_enabled":true,"_links":{"self":[{"href":"https:\/\/eldiariodesanpedro.com.ar\/sitio\/wp-json\/wp\/v2\/posts\/107575","targetHints":{"allow":["GET"]}}],"collection":[{"href":"https:\/\/eldiariodesanpedro.com.ar\/sitio\/wp-json\/wp\/v2\/posts"}],"about":[{"href":"https:\/\/eldiariodesanpedro.com.ar\/sitio\/wp-json\/wp\/v2\/types\/post"}],"author":[{"embeddable":true,"href":"https:\/\/eldiariodesanpedro.com.ar\/sitio\/wp-json\/wp\/v2\/users\/4"}],"replies":[{"embeddable":true,"href":"https:\/\/eldiariodesanpedro.com.ar\/sitio\/wp-json\/wp\/v2\/comments?post=107575"}],"version-history":[{"count":1,"href":"https:\/\/eldiariodesanpedro.com.ar\/sitio\/wp-json\/wp\/v2\/posts\/107575\/revisions"}],"predecessor-version":[{"id":107576,"href":"https:\/\/eldiariodesanpedro.com.ar\/sitio\/wp-json\/wp\/v2\/posts\/107575\/revisions\/107576"}],"wp:featuredmedia":[{"embeddable":true,"href":"https:\/\/eldiariodesanpedro.com.ar\/sitio\/wp-json\/wp\/v2\/media\/103679"}],"wp:attachment":[{"href":"https:\/\/eldiariodesanpedro.com.ar\/sitio\/wp-json\/wp\/v2\/media?parent=107575"}],"wp:term":[{"taxonomy":"category","embeddable":true,"href":"https:\/\/eldiariodesanpedro.com.ar\/sitio\/wp-json\/wp\/v2\/categories?post=107575"},{"taxonomy":"post_tag","embeddable":true,"href":"https:\/\/eldiariodesanpedro.com.ar\/sitio\/wp-json\/wp\/v2\/tags?post=107575"}],"curies":[{"name":"wp","href":"https:\/\/api.w.org\/{rel}","templated":true}]}}