{"id":107573,"date":"2022-05-31T10:26:51","date_gmt":"2022-05-31T13:26:51","guid":{"rendered":"https:\/\/eldiariodesanpedro.com.ar\/sitio\/?p=107573"},"modified":"2022-05-31T10:26:52","modified_gmt":"2022-05-31T13:26:52","slug":"la-fiscal-viviani-solicito-la-prision-preventiva-de-los-acusados-de-abuso-y-secuestro","status":"publish","type":"post","link":"https:\/\/eldiariodesanpedro.com.ar\/sitio\/la-fiscal-viviani-solicito-la-prision-preventiva-de-los-acusados-de-abuso-y-secuestro\/","title":{"rendered":"La fiscal Viviani solicito la prisi\u00f3n preventiva de los acusados de abuso y secuestro"},"content":{"rendered":"<!-- VideographyWP Plugin Message: Automatic video embedding prevented by plugin options. -->\n\n<p>Sobre el inicio de la semana la letrada que instruye la causa pidi\u00f3 el procesamiento de las cinco personas acusadas de privar de su libertad y abusar de un joven. El pr\u00f3ximo jueves ser\u00e1 la audiencia para resolver el requerimiento de la fiscal\u00eda.<\/p>\n\n\n\n<p>Basada en las pruebas recogidas durante lo que va de la instrucci\u00f3n la fiscala Mar\u00eda del Valle Viviani solicit\u00f3 la prisi\u00f3n preventiva de las cinco personas acusadas de privar de su libertad y abusar de un joven.<\/p>\n\n\n\n<p>El lunes la titular de la fiscal\u00eda hizo la presentaci\u00f3n formal para que Carlos Devito, Ramiro Mansilla, Isa\u00edas Luppi y los hermanos Lucas y Maximiliano Ramos permanezcan en prisi\u00f3n mientras dure el proceso y sean penados durante el juicio.<\/p>\n\n\n\n<p>Mientras tanto el pr\u00f3ximo jueves ser\u00e1 la audiencia en el juzgado de Garant\u00edas donde la letrada defender\u00e1 su postura y buscar\u00e1 convencer al juez para que haga lugar a lo solicitado.<\/p>\n\n\n\n<p>De los cinco imputados solamente el polic\u00eda Devito es quien es considerado el autor del abuso sexual originado contra el joven de 30 a\u00f1os, el mismo que permaneci\u00f3 cautivo en una casa de la calle Rivadavia al 1600 durante cuatro d\u00edas, mientras tanto sobre los otros cuatro la imputaci\u00f3n m\u00e1s grave es la de privaci\u00f3n ileg\u00edtima de la libertad.<\/p>\n\n\n\n<p>Como adelant\u00f3 La Opini\u00f3n, Devito es el \u00fanico que ya fue trasladado a una Unidad Penal y desde la semana pasada se encuentra alojado en la c\u00e1rcel de Jun\u00edn. El resto aguarda ser trasladado en el transcurso de la semana aunque la medida por ahora se demora ya que un brote de Fiebre Hemorr\u00e1gica Argentina en la UP N\u00b0 3 de San Nicol\u00e1s hizo que se pospusieran los traslados.<\/p>\n\n\n\n<p><a href=\"https:\/\/www.laopinionsemanario.com.ar\/secciones\/policiales\/\"><\/a><\/p>\n","protected":false},"excerpt":{"rendered":"<p>Sobre el inicio de la semana la letrada que instruye la causa pidi\u00f3 el procesamiento de las cinco personas acusadas de privar de su libertad y abusar de un joven. El pr\u00f3ximo jueves ser\u00e1 la audiencia para resolver el requerimiento de la fiscal\u00eda. Basada en las pruebas recogidas durante lo que va de la instrucci\u00f3n [&hellip;]<\/p>\n","protected":false},"author":4,"featured_media":106358,"comment_status":"closed","ping_status":"closed","sticky":false,"template":"","format":"standard","meta":{"om_disable_all_campaigns":false,"_jetpack_memberships_contains_paid_content":false,"footnotes":""},"categories":[50,101,2],"tags":[197,696,33,19],"class_list":["post-107573","post","type-post","status-publish","format-standard","has-post-thumbnail","hentry","category-destacadas","category-interes-general-locales","category-locales","tag-buenos-aires","tag-interes-general","tag-locales","tag-san-pedro"],"aioseo_notices":[],"gutentor_comment":0,"jetpack_featured_media_url":"https:\/\/eldiariodesanpedro.com.ar\/sitio\/wp-content\/uploads\/2022\/04\/WhatsApp-Image-2022-04-25-at-2.07.44-PM.jpeg","jetpack_shortlink":"https:\/\/wp.me\/p6RhLt-rZ3","jetpack_sharing_enabled":true,"_links":{"self":[{"href":"https:\/\/eldiariodesanpedro.com.ar\/sitio\/wp-json\/wp\/v2\/posts\/107573","targetHints":{"allow":["GET"]}}],"collection":[{"href":"https:\/\/eldiariodesanpedro.com.ar\/sitio\/wp-json\/wp\/v2\/posts"}],"about":[{"href":"https:\/\/eldiariodesanpedro.com.ar\/sitio\/wp-json\/wp\/v2\/types\/post"}],"author":[{"embeddable":true,"href":"https:\/\/eldiariodesanpedro.com.ar\/sitio\/wp-json\/wp\/v2\/users\/4"}],"replies":[{"embeddable":true,"href":"https:\/\/eldiariodesanpedro.com.ar\/sitio\/wp-json\/wp\/v2\/comments?post=107573"}],"version-history":[{"count":1,"href":"https:\/\/eldiariodesanpedro.com.ar\/sitio\/wp-json\/wp\/v2\/posts\/107573\/revisions"}],"predecessor-version":[{"id":107574,"href":"https:\/\/eldiariodesanpedro.com.ar\/sitio\/wp-json\/wp\/v2\/posts\/107573\/revisions\/107574"}],"wp:featuredmedia":[{"embeddable":true,"href":"https:\/\/eldiariodesanpedro.com.ar\/sitio\/wp-json\/wp\/v2\/media\/106358"}],"wp:attachment":[{"href":"https:\/\/eldiariodesanpedro.com.ar\/sitio\/wp-json\/wp\/v2\/media?parent=107573"}],"wp:term":[{"taxonomy":"category","embeddable":true,"href":"https:\/\/eldiariodesanpedro.com.ar\/sitio\/wp-json\/wp\/v2\/categories?post=107573"},{"taxonomy":"post_tag","embeddable":true,"href":"https:\/\/eldiariodesanpedro.com.ar\/sitio\/wp-json\/wp\/v2\/tags?post=107573"}],"curies":[{"name":"wp","href":"https:\/\/api.w.org\/{rel}","templated":true}]}}