{"id":107567,"date":"2022-05-31T10:09:38","date_gmt":"2022-05-31T13:09:38","guid":{"rendered":"https:\/\/eldiariodesanpedro.com.ar\/sitio\/?p=107567"},"modified":"2022-05-31T10:09:38","modified_gmt":"2022-05-31T13:09:38","slug":"la-municipalidad-se-ilumino-de-naranja-para-celebrar-el-dia-mundial-de-la-esclerosis-multiple","status":"publish","type":"post","link":"https:\/\/eldiariodesanpedro.com.ar\/sitio\/la-municipalidad-se-ilumino-de-naranja-para-celebrar-el-dia-mundial-de-la-esclerosis-multiple\/","title":{"rendered":"La Municipalidad se ilumin\u00f3 de naranja para celebrar el D\u00eda Mundial de la Esclerosis M\u00faltiple"},"content":{"rendered":"<!-- VideographyWP Plugin Message: Automatic video embedding prevented by plugin options. -->\n\n<p>La Municipalidad de San Pedro y el Monumento a los H\u00e9roes de Malvinas se iluminaron con el color naranja, en reconocimiento al \u00abD\u00eda Mundial de la Esclerosis M\u00faltiple\u00bb, adhiriendo a las campa\u00f1as de visibilizaci\u00f3n de esta enfermedad que se realizan en todo el mundo.<\/p>\n\n\n\n<p>Cada 30 de mayo se celebra el D\u00eda Mundial de la Esclerosis M\u00faltiple, una efem\u00e9ride impulsada por la&nbsp;Federaci\u00f3n Internacional de Esclerosis M\u00faltiple&nbsp;para concienciar a la poblaci\u00f3n sobre esta enfermedad que afecta a m\u00e1s de dos millones de personas en el mundo.<\/p>\n\n\n\n<p>El D\u00eda Mundial de la Esclerosis M\u00faltiple es una fecha para celebrar la solidaridad mundial y la esperanza para el futuro. Est\u00e1 marcado oficialmente el 30 de mayo de cada a\u00f1o, aunque los eventos y campa\u00f1as se celebran durante todo el mes de mayo.<\/p>\n\n\n\n<p>La iniciativa ha sido impulsada por EMA la ONG que lleva adelante m\u00faltiples acciones de acompa\u00f1amiento a enfermos y sus familias y este a\u00f1o han invitado a los sampedrinos a participar.<\/p>\n\n\n\n<p>EMA (Esclerosis M\u00faltiple Argentina) es una asociaci\u00f3n civil sin fines de lucro, creada en diciembre de 1986. En los inicios de la asociaci\u00f3n, el objetivo principal estaba centrado en la divulgaci\u00f3n de la enfermedad (pr\u00e1cticamente desconocida en la Argentina) a la vez que comenzaban a organizarse los primeros grupos de apoyo para las personas con EM.<\/p>\n\n\n\n<h2 class=\"wp-block-heading\">Origen del D\u00eda Internacional de la Esclerosis M\u00faltiple<\/h2>\n\n\n\n<p>En el a\u00f1o 2009 la Federaci\u00f3n Internacional de Esclerosis M\u00faltiple (MSIF) dio inici\u00f3 al primer D\u00eda Mundial de la Esclerosis M\u00faltiple, reuniendo a la comunidad internacional para compartir experiencias y alternativas para contrarrestar esta enfermedad.<\/p>\n\n\n\n<h2 class=\"wp-block-heading\">\u00bfQu\u00e9 es la Esclerosis M\u00faltiple?<\/h2>\n\n\n\n<p>La esclerosis m\u00faltiple es una enfermedad neurol\u00f3gica cr\u00f3nica que afecta principalmente a la poblaci\u00f3n con edades comprendidas entre los 20 y 40 a\u00f1os, con una mayor incidencia de casos en mujeres.<\/p>\n\n\n\n<p>Esta enfermedad se genera en el sistema nervioso central, afectando al cerebro y la m\u00e9dula espinal. Al lesionarse la mielina, que es un material graso que protege y rodea las c\u00e9lulas nerviosas, afecta la forma en que los nervios conducen los impulsos el\u00e9ctricos hacia y desde el cerebro. Se producen los siguientes s\u00edntomas:<\/p>\n\n\n\n<ul class=\"wp-block-list\"><li>Debilidad muscular.<\/li><li>Alteraciones de la vista.<\/li><li>Sensaci\u00f3n de hormigueo, picaz\u00f3n, pinchazos o entumecimiento.<\/li><li>Problemas de memoria y pensamiento.<\/li><li>Problemas de coordinaci\u00f3n y equilibrio.<\/li><li>Fatiga.<\/li><\/ul>\n\n\n\n<p>No se conocen las causas de esta enfermedad&nbsp;que tiene una mayor prevalencia entre las mujeres, incidiendo la latitud geogr\u00e1fica donde habiten las personas.<\/p>\n\n\n\n<p>En este sentido, las \u00e1reas tropicales y cercadas al ecuador tienen una baja incidencia de la enfermedad. Uno de los principales factores de riesgo de la enfermedad radica en el consumo de cigarrillos, ya que las personas fumadoras tienen un peor pron\u00f3stico de evoluci\u00f3n de la patolog\u00eda.<\/p>\n\n\n\n<p>Aunque no tiene cura, no es hereditaria ni es mortal, los s\u00edntomas de la esclerosis m\u00faltiple se pueden controlar o hacer que el proceso sea m\u00e1s lento.<\/p>\n\n\n\n<p>El diagn\u00f3stico de la esclerosis m\u00faltiple es determinado por una evaluaci\u00f3n cl\u00ednica al paciente, efectuada por un m\u00e9dico neur\u00f3logo. Se requieren estudios de resonancia magn\u00e9tica, as\u00ed como analizar el l\u00edquido c\u00e9falo raqu\u00eddeo, extra\u00eddo mediante una punci\u00f3n lumbar.<\/p>\n\n\n\n<figure class=\"wp-block-image size-full\"><img decoding=\"async\" width=\"895\" height=\"574\" data-attachment-id=\"107569\" data-permalink=\"https:\/\/eldiariodesanpedro.com.ar\/sitio\/la-municipalidad-se-ilumino-de-naranja-para-celebrar-el-dia-mundial-de-la-esclerosis-multiple\/descarga-89\/\" data-orig-file=\"https:\/\/eldiariodesanpedro.com.ar\/sitio\/wp-content\/uploads\/2022\/05\/descarga-2.jpg\" data-orig-size=\"895,574\" data-comments-opened=\"0\" data-image-meta=\"{&quot;aperture&quot;:&quot;0&quot;,&quot;credit&quot;:&quot;&quot;,&quot;camera&quot;:&quot;&quot;,&quot;caption&quot;:&quot;&quot;,&quot;created_timestamp&quot;:&quot;0&quot;,&quot;copyright&quot;:&quot;&quot;,&quot;focal_length&quot;:&quot;0&quot;,&quot;iso&quot;:&quot;0&quot;,&quot;shutter_speed&quot;:&quot;0&quot;,&quot;title&quot;:&quot;&quot;,&quot;orientation&quot;:&quot;0&quot;}\" data-image-title=\"descarga\" data-image-description=\"\" data-image-caption=\"\" data-large-file=\"https:\/\/eldiariodesanpedro.com.ar\/sitio\/wp-content\/uploads\/2022\/05\/descarga-2.jpg\" data-src=\"https:\/\/eldiariodesanpedro.com.ar\/sitio\/wp-content\/uploads\/2022\/05\/descarga-2.jpg\" alt=\"\" class=\"wp-image-107569 lazyload\" data-srcset=\"https:\/\/eldiariodesanpedro.com.ar\/sitio\/wp-content\/uploads\/2022\/05\/descarga-2.jpg 895w, https:\/\/eldiariodesanpedro.com.ar\/sitio\/wp-content\/uploads\/2022\/05\/descarga-2-300x192.jpg 300w, https:\/\/eldiariodesanpedro.com.ar\/sitio\/wp-content\/uploads\/2022\/05\/descarga-2-768x493.jpg 768w\" data-sizes=\"(max-width: 895px) 100vw, 895px\" src=\"data:image\/svg+xml;base64,PHN2ZyB3aWR0aD0iMSIgaGVpZ2h0PSIxIiB4bWxucz0iaHR0cDovL3d3dy53My5vcmcvMjAwMC9zdmciPjwvc3ZnPg==\" style=\"--smush-placeholder-width: 895px; --smush-placeholder-aspect-ratio: 895\/574;\" \/><\/figure>\n","protected":false},"excerpt":{"rendered":"<p>La Municipalidad de San Pedro y el Monumento a los H\u00e9roes de Malvinas se iluminaron con el color naranja, en reconocimiento al \u00abD\u00eda Mundial de la Esclerosis M\u00faltiple\u00bb, adhiriendo a las campa\u00f1as de visibilizaci\u00f3n de esta enfermedad que se realizan en todo el mundo. Cada 30 de mayo se celebra el D\u00eda Mundial de la [&hellip;]<\/p>\n","protected":false},"author":4,"featured_media":107568,"comment_status":"closed","ping_status":"closed","sticky":false,"template":"","format":"standard","meta":{"om_disable_all_campaigns":false,"_jetpack_memberships_contains_paid_content":false,"footnotes":""},"categories":[50,101,2],"tags":[197,696,33,19],"class_list":["post-107567","post","type-post","status-publish","format-standard","has-post-thumbnail","hentry","category-destacadas","category-interes-general-locales","category-locales","tag-buenos-aires","tag-interes-general","tag-locales","tag-san-pedro"],"aioseo_notices":[],"gutentor_comment":0,"jetpack_featured_media_url":"https:\/\/eldiariodesanpedro.com.ar\/sitio\/wp-content\/uploads\/2022\/05\/0000020937-resized-1920x1080-1.jpg","jetpack_shortlink":"https:\/\/wp.me\/p6RhLt-rYX","jetpack_sharing_enabled":true,"_links":{"self":[{"href":"https:\/\/eldiariodesanpedro.com.ar\/sitio\/wp-json\/wp\/v2\/posts\/107567","targetHints":{"allow":["GET"]}}],"collection":[{"href":"https:\/\/eldiariodesanpedro.com.ar\/sitio\/wp-json\/wp\/v2\/posts"}],"about":[{"href":"https:\/\/eldiariodesanpedro.com.ar\/sitio\/wp-json\/wp\/v2\/types\/post"}],"author":[{"embeddable":true,"href":"https:\/\/eldiariodesanpedro.com.ar\/sitio\/wp-json\/wp\/v2\/users\/4"}],"replies":[{"embeddable":true,"href":"https:\/\/eldiariodesanpedro.com.ar\/sitio\/wp-json\/wp\/v2\/comments?post=107567"}],"version-history":[{"count":1,"href":"https:\/\/eldiariodesanpedro.com.ar\/sitio\/wp-json\/wp\/v2\/posts\/107567\/revisions"}],"predecessor-version":[{"id":107570,"href":"https:\/\/eldiariodesanpedro.com.ar\/sitio\/wp-json\/wp\/v2\/posts\/107567\/revisions\/107570"}],"wp:featuredmedia":[{"embeddable":true,"href":"https:\/\/eldiariodesanpedro.com.ar\/sitio\/wp-json\/wp\/v2\/media\/107568"}],"wp:attachment":[{"href":"https:\/\/eldiariodesanpedro.com.ar\/sitio\/wp-json\/wp\/v2\/media?parent=107567"}],"wp:term":[{"taxonomy":"category","embeddable":true,"href":"https:\/\/eldiariodesanpedro.com.ar\/sitio\/wp-json\/wp\/v2\/categories?post=107567"},{"taxonomy":"post_tag","embeddable":true,"href":"https:\/\/eldiariodesanpedro.com.ar\/sitio\/wp-json\/wp\/v2\/tags?post=107567"}],"curies":[{"name":"wp","href":"https:\/\/api.w.org\/{rel}","templated":true}]}}