{"id":107543,"date":"2022-05-30T18:06:27","date_gmt":"2022-05-30T21:06:27","guid":{"rendered":"https:\/\/eldiariodesanpedro.com.ar\/sitio\/?p=107543"},"modified":"2022-05-30T18:06:29","modified_gmt":"2022-05-30T21:06:29","slug":"secuestraron-un-colectivo-sin-documentacion-que-provoco-un-accidente-por-estar-mal-estacionado","status":"publish","type":"post","link":"https:\/\/eldiariodesanpedro.com.ar\/sitio\/secuestraron-un-colectivo-sin-documentacion-que-provoco-un-accidente-por-estar-mal-estacionado\/","title":{"rendered":"Secuestraron un colectivo sin documentaci\u00f3n que provoc\u00f3 un accidente por estar mal estacionado"},"content":{"rendered":"<!-- VideographyWP Plugin Message: Automatic video embedding prevented by plugin options. -->\n\n<p>Personal de la Direcci\u00f3n de Tr\u00e1nsito secuestr\u00f3 un colectivo que carec\u00eda de documentaci\u00f3n y que estaba tan mal estacionado que provoc\u00f3 un accidente entre otros dos veh\u00edculos.<\/p>\n\n\n\n<p>Los protagonistas de un choque que tuvo lugar el viernes por la tarde en la esquina de Honorio Pueyrred\u00f3n y Jos\u00e9 Hern\u00e1ndez coincidieron en se\u00f1alar que el accidente se produjo porque un colectivo mal estacionado en esa intersecci\u00f3n imped\u00eda la visi\u00f3n hacia la bocacalle.<\/p>\n\n\n\n<p>Inspectores de Tr\u00e1nsito corroboraron que el veh\u00edculo estaba pr\u00e1cticamente en la ochava y procedieron a labrar la infracci\u00f3n correspondiente. Pero adem\u00e1s, cuando solicitaron la documentaci\u00f3n al propietario, se encontraron con que la poca que ten\u00eda estaba vencida.about:blank<\/p>\n\n\n\n<p>El director de Tr\u00e1nsito, \u00c1ngel Burgos, inform\u00f3 que constataron que no ten\u00eda habilitaci\u00f3n para el transporte de pasajeros, la verificaci\u00f3n t\u00e9cnica vehicular hab\u00eda vencido en 2018, carec\u00eda de c\u00e9dula verde del rodado y tampoco ten\u00eda seguro.<\/p>\n\n\n\n<p>Ante todas estas irregularidades, el personal municipal procedi\u00f3 al secuestro del colectivo, que fue trasladado al dep\u00f3sito ubicado en Crucero General Belgrano e Independencia, donde qued\u00f3 a disposici\u00f3n del Juzgado de Faltas.<\/p>\n\n\n\n<figure class=\"wp-block-image size-large\"><img decoding=\"async\" width=\"1024\" height=\"576\" data-attachment-id=\"107545\" data-permalink=\"https:\/\/eldiariodesanpedro.com.ar\/sitio\/secuestraron-un-colectivo-sin-documentacion-que-provoco-un-accidente-por-estar-mal-estacionado\/whatsapp-image-2022-05-30-at-1-44-00-pm\/\" data-orig-file=\"https:\/\/eldiariodesanpedro.com.ar\/sitio\/wp-content\/uploads\/2022\/05\/WhatsApp-Image-2022-05-30-at-1.44.00-PM.jpeg\" data-orig-size=\"1120,630\" data-comments-opened=\"0\" data-image-meta=\"{&quot;aperture&quot;:&quot;0&quot;,&quot;credit&quot;:&quot;&quot;,&quot;camera&quot;:&quot;&quot;,&quot;caption&quot;:&quot;&quot;,&quot;created_timestamp&quot;:&quot;0&quot;,&quot;copyright&quot;:&quot;&quot;,&quot;focal_length&quot;:&quot;0&quot;,&quot;iso&quot;:&quot;0&quot;,&quot;shutter_speed&quot;:&quot;0&quot;,&quot;title&quot;:&quot;&quot;,&quot;orientation&quot;:&quot;0&quot;}\" data-image-title=\"WhatsApp Image 2022-05-30 at 1.44.00 PM\" data-image-description=\"\" data-image-caption=\"\" data-large-file=\"https:\/\/eldiariodesanpedro.com.ar\/sitio\/wp-content\/uploads\/2022\/05\/WhatsApp-Image-2022-05-30-at-1.44.00-PM-1024x576.jpeg\" data-src=\"https:\/\/eldiariodesanpedro.com.ar\/sitio\/wp-content\/uploads\/2022\/05\/WhatsApp-Image-2022-05-30-at-1.44.00-PM-1024x576.jpeg\" alt=\"\" class=\"wp-image-107545 lazyload\" data-srcset=\"https:\/\/eldiariodesanpedro.com.ar\/sitio\/wp-content\/uploads\/2022\/05\/WhatsApp-Image-2022-05-30-at-1.44.00-PM-1024x576.jpeg 1024w, https:\/\/eldiariodesanpedro.com.ar\/sitio\/wp-content\/uploads\/2022\/05\/WhatsApp-Image-2022-05-30-at-1.44.00-PM-300x169.jpeg 300w, https:\/\/eldiariodesanpedro.com.ar\/sitio\/wp-content\/uploads\/2022\/05\/WhatsApp-Image-2022-05-30-at-1.44.00-PM-768x432.jpeg 768w, https:\/\/eldiariodesanpedro.com.ar\/sitio\/wp-content\/uploads\/2022\/05\/WhatsApp-Image-2022-05-30-at-1.44.00-PM.jpeg 1120w\" data-sizes=\"(max-width: 1024px) 100vw, 1024px\" src=\"data:image\/svg+xml;base64,PHN2ZyB3aWR0aD0iMSIgaGVpZ2h0PSIxIiB4bWxucz0iaHR0cDovL3d3dy53My5vcmcvMjAwMC9zdmciPjwvc3ZnPg==\" style=\"--smush-placeholder-width: 1024px; --smush-placeholder-aspect-ratio: 1024\/576;\" \/><\/figure>\n\n\n\n<p><a href=\"https:\/\/www.laopinionsemanario.com.ar\/secciones\/informacion-general\/\"><\/a><\/p>\n","protected":false},"excerpt":{"rendered":"<p>Personal de la Direcci\u00f3n de Tr\u00e1nsito secuestr\u00f3 un colectivo que carec\u00eda de documentaci\u00f3n y que estaba tan mal estacionado que provoc\u00f3 un accidente entre otros dos veh\u00edculos. Los protagonistas de un choque que tuvo lugar el viernes por la tarde en la esquina de Honorio Pueyrred\u00f3n y Jos\u00e9 Hern\u00e1ndez coincidieron en se\u00f1alar que el accidente [&hellip;]<\/p>\n","protected":false},"author":4,"featured_media":107544,"comment_status":"closed","ping_status":"closed","sticky":false,"template":"","format":"standard","meta":{"om_disable_all_campaigns":false,"_jetpack_memberships_contains_paid_content":false,"footnotes":""},"categories":[50,2,103],"tags":[197,33,95,19],"class_list":["post-107543","post","type-post","status-publish","format-standard","has-post-thumbnail","hentry","category-destacadas","category-locales","category-policiales-locales","tag-buenos-aires","tag-locales","tag-policiales","tag-san-pedro"],"aioseo_notices":[],"gutentor_comment":0,"jetpack_featured_media_url":"https:\/\/eldiariodesanpedro.com.ar\/sitio\/wp-content\/uploads\/2022\/05\/4e373a0f-36e6-437e-a164-5ca3afc21803-1024x497-1.jpg","jetpack_shortlink":"https:\/\/wp.me\/p6RhLt-rYz","jetpack_sharing_enabled":true,"_links":{"self":[{"href":"https:\/\/eldiariodesanpedro.com.ar\/sitio\/wp-json\/wp\/v2\/posts\/107543","targetHints":{"allow":["GET"]}}],"collection":[{"href":"https:\/\/eldiariodesanpedro.com.ar\/sitio\/wp-json\/wp\/v2\/posts"}],"about":[{"href":"https:\/\/eldiariodesanpedro.com.ar\/sitio\/wp-json\/wp\/v2\/types\/post"}],"author":[{"embeddable":true,"href":"https:\/\/eldiariodesanpedro.com.ar\/sitio\/wp-json\/wp\/v2\/users\/4"}],"replies":[{"embeddable":true,"href":"https:\/\/eldiariodesanpedro.com.ar\/sitio\/wp-json\/wp\/v2\/comments?post=107543"}],"version-history":[{"count":1,"href":"https:\/\/eldiariodesanpedro.com.ar\/sitio\/wp-json\/wp\/v2\/posts\/107543\/revisions"}],"predecessor-version":[{"id":107546,"href":"https:\/\/eldiariodesanpedro.com.ar\/sitio\/wp-json\/wp\/v2\/posts\/107543\/revisions\/107546"}],"wp:featuredmedia":[{"embeddable":true,"href":"https:\/\/eldiariodesanpedro.com.ar\/sitio\/wp-json\/wp\/v2\/media\/107544"}],"wp:attachment":[{"href":"https:\/\/eldiariodesanpedro.com.ar\/sitio\/wp-json\/wp\/v2\/media?parent=107543"}],"wp:term":[{"taxonomy":"category","embeddable":true,"href":"https:\/\/eldiariodesanpedro.com.ar\/sitio\/wp-json\/wp\/v2\/categories?post=107543"},{"taxonomy":"post_tag","embeddable":true,"href":"https:\/\/eldiariodesanpedro.com.ar\/sitio\/wp-json\/wp\/v2\/tags?post=107543"}],"curies":[{"name":"wp","href":"https:\/\/api.w.org\/{rel}","templated":true}]}}