{"id":107519,"date":"2022-05-30T14:40:59","date_gmt":"2022-05-30T17:40:59","guid":{"rendered":"https:\/\/eldiariodesanpedro.com.ar\/sitio\/?p=107519"},"modified":"2022-05-30T14:41:38","modified_gmt":"2022-05-30T17:41:38","slug":"este-viernes-jornada-de-celiaquia-abierta-a-la-comunidad","status":"publish","type":"post","link":"https:\/\/eldiariodesanpedro.com.ar\/sitio\/este-viernes-jornada-de-celiaquia-abierta-a-la-comunidad\/","title":{"rendered":"Este viernes Jornada de Celiaqu\u00eda abierta a la comunidad"},"content":{"rendered":"<!-- VideographyWP Plugin Message: Automatic video embedding prevented by plugin options. -->\n\n<p>La Municipalidad de San Pedro recuerda que el pr\u00f3ximo 3 de junio desde las 13, se celebrar\u00e1 la 12\u00ba Jornada de Celiaqu\u00eda en San Pedro con la organizaci\u00f3n de actividades que volver\u00e1n a combinar actividades de promoci\u00f3n e informaci\u00f3n \u00fatil para toda la comunidad.<\/p>\n\n\n\n<p>Profesionales de la salud de la Secretar\u00eda de Salud y el Hospital Emilio Ruffa llevar\u00e1n adelante la propuesta con la colaboraci\u00f3n de la Asociaci\u00f3n Cooperadora, CICOP y la Asociaci\u00f3n de Farmac\u00e9uticos, en el Centro de Comercio Industria y Turismo que tambi\u00e9n adhiere a esta actividad.<\/p>\n\n\n\n<p>Se instalar\u00e1 una posta sanitaria para determinaciones de anticuerpos de forma gratuita orientados principalmente a la poblaci\u00f3n considerada de riesgo (familiares de personas con celiaqu\u00edas, s\u00edndrome de Down, diabetes tipo 1, hipo o hipertiroidismo).<\/p>\n\n\n\n<p>Est\u00e1 prevista la participaci\u00f3n de empresas dedicadas a la elaboraci\u00f3n de productos para cel\u00edacos con degustaciones, sorteos, recomendaciones de cocina, actividades infantiles, charlas sobre las caracter\u00edsticas de la enfermedad y recomendaciones para un diagn\u00f3stico precoz y un tratamiento oportuno.<\/p>\n\n\n\n<p>La celiaqu\u00eda es una enfermedad intestinal cr\u00f3nica que produce una intolerancia permanente al gluten, un conjunto de prote\u00ednas presentes en el trigo, avena, cebada y centeno (TACC), que se presenta en individuos gen\u00e9ticamente predispuestos y que se caracteriza por una reacci\u00f3n inflamatoria en la mucosa del intestino delgado, lo que dificulta la absorci\u00f3n de nutrientes. De acuerdo con algunos estudios, en nuestro pa\u00eds 1 de cada 100 habitantes puede llegar a ser cel\u00edaco.<\/p>\n\n\n\n<figure class=\"wp-block-image size-full\"><img decoding=\"async\" width=\"526\" height=\"526\" data-attachment-id=\"107523\" data-permalink=\"https:\/\/eldiariodesanpedro.com.ar\/sitio\/este-viernes-jornada-de-celiaquia-abierta-a-la-comunidad\/whatsapp-image-2022-05-30-at-11-38-57-am\/\" data-orig-file=\"https:\/\/eldiariodesanpedro.com.ar\/sitio\/wp-content\/uploads\/2022\/05\/WhatsApp-Image-2022-05-30-at-11.38.57-AM.jpeg\" data-orig-size=\"526,526\" data-comments-opened=\"0\" data-image-meta=\"{&quot;aperture&quot;:&quot;0&quot;,&quot;credit&quot;:&quot;&quot;,&quot;camera&quot;:&quot;&quot;,&quot;caption&quot;:&quot;&quot;,&quot;created_timestamp&quot;:&quot;0&quot;,&quot;copyright&quot;:&quot;&quot;,&quot;focal_length&quot;:&quot;0&quot;,&quot;iso&quot;:&quot;0&quot;,&quot;shutter_speed&quot;:&quot;0&quot;,&quot;title&quot;:&quot;&quot;,&quot;orientation&quot;:&quot;0&quot;}\" data-image-title=\"WhatsApp Image 2022-05-30 at 11.38.57 AM\" data-image-description=\"\" data-image-caption=\"\" data-large-file=\"https:\/\/eldiariodesanpedro.com.ar\/sitio\/wp-content\/uploads\/2022\/05\/WhatsApp-Image-2022-05-30-at-11.38.57-AM.jpeg\" data-src=\"https:\/\/eldiariodesanpedro.com.ar\/sitio\/wp-content\/uploads\/2022\/05\/WhatsApp-Image-2022-05-30-at-11.38.57-AM.jpeg\" alt=\"\" class=\"wp-image-107523 lazyload\" data-srcset=\"https:\/\/eldiariodesanpedro.com.ar\/sitio\/wp-content\/uploads\/2022\/05\/WhatsApp-Image-2022-05-30-at-11.38.57-AM.jpeg 526w, https:\/\/eldiariodesanpedro.com.ar\/sitio\/wp-content\/uploads\/2022\/05\/WhatsApp-Image-2022-05-30-at-11.38.57-AM-300x300.jpeg 300w, https:\/\/eldiariodesanpedro.com.ar\/sitio\/wp-content\/uploads\/2022\/05\/WhatsApp-Image-2022-05-30-at-11.38.57-AM-150x150.jpeg 150w\" data-sizes=\"(max-width: 526px) 100vw, 526px\" src=\"data:image\/svg+xml;base64,PHN2ZyB3aWR0aD0iMSIgaGVpZ2h0PSIxIiB4bWxucz0iaHR0cDovL3d3dy53My5vcmcvMjAwMC9zdmciPjwvc3ZnPg==\" style=\"--smush-placeholder-width: 526px; --smush-placeholder-aspect-ratio: 526\/526;\" \/><\/figure>\n","protected":false},"excerpt":{"rendered":"<p>La Municipalidad de San Pedro recuerda que el pr\u00f3ximo 3 de junio desde las 13, se celebrar\u00e1 la 12\u00ba Jornada de Celiaqu\u00eda en San Pedro con la organizaci\u00f3n de actividades que volver\u00e1n a combinar actividades de promoci\u00f3n e informaci\u00f3n \u00fatil para toda la comunidad. Profesionales de la salud de la Secretar\u00eda de Salud y el [&hellip;]<\/p>\n","protected":false},"author":4,"featured_media":107520,"comment_status":"closed","ping_status":"closed","sticky":false,"template":"","format":"standard","meta":{"om_disable_all_campaigns":false,"_jetpack_memberships_contains_paid_content":false,"footnotes":""},"categories":[101,2],"tags":[197,696,33,19],"class_list":["post-107519","post","type-post","status-publish","format-standard","has-post-thumbnail","hentry","category-interes-general-locales","category-locales","tag-buenos-aires","tag-interes-general","tag-locales","tag-san-pedro"],"aioseo_notices":[],"gutentor_comment":0,"jetpack_featured_media_url":"https:\/\/eldiariodesanpedro.com.ar\/sitio\/wp-content\/uploads\/2022\/05\/450_1000.jpg","jetpack_shortlink":"https:\/\/wp.me\/p6RhLt-rYb","jetpack_sharing_enabled":true,"_links":{"self":[{"href":"https:\/\/eldiariodesanpedro.com.ar\/sitio\/wp-json\/wp\/v2\/posts\/107519","targetHints":{"allow":["GET"]}}],"collection":[{"href":"https:\/\/eldiariodesanpedro.com.ar\/sitio\/wp-json\/wp\/v2\/posts"}],"about":[{"href":"https:\/\/eldiariodesanpedro.com.ar\/sitio\/wp-json\/wp\/v2\/types\/post"}],"author":[{"embeddable":true,"href":"https:\/\/eldiariodesanpedro.com.ar\/sitio\/wp-json\/wp\/v2\/users\/4"}],"replies":[{"embeddable":true,"href":"https:\/\/eldiariodesanpedro.com.ar\/sitio\/wp-json\/wp\/v2\/comments?post=107519"}],"version-history":[{"count":2,"href":"https:\/\/eldiariodesanpedro.com.ar\/sitio\/wp-json\/wp\/v2\/posts\/107519\/revisions"}],"predecessor-version":[{"id":107524,"href":"https:\/\/eldiariodesanpedro.com.ar\/sitio\/wp-json\/wp\/v2\/posts\/107519\/revisions\/107524"}],"wp:featuredmedia":[{"embeddable":true,"href":"https:\/\/eldiariodesanpedro.com.ar\/sitio\/wp-json\/wp\/v2\/media\/107520"}],"wp:attachment":[{"href":"https:\/\/eldiariodesanpedro.com.ar\/sitio\/wp-json\/wp\/v2\/media?parent=107519"}],"wp:term":[{"taxonomy":"category","embeddable":true,"href":"https:\/\/eldiariodesanpedro.com.ar\/sitio\/wp-json\/wp\/v2\/categories?post=107519"},{"taxonomy":"post_tag","embeddable":true,"href":"https:\/\/eldiariodesanpedro.com.ar\/sitio\/wp-json\/wp\/v2\/tags?post=107519"}],"curies":[{"name":"wp","href":"https:\/\/api.w.org\/{rel}","templated":true}]}}