{"id":107516,"date":"2022-05-30T14:36:15","date_gmt":"2022-05-30T17:36:15","guid":{"rendered":"https:\/\/eldiariodesanpedro.com.ar\/sitio\/?p=107516"},"modified":"2022-05-30T14:36:16","modified_gmt":"2022-05-30T17:36:16","slug":"campana-de-vacunacion-publica-contra-la-fiebre-hemorragica-argentina","status":"publish","type":"post","link":"https:\/\/eldiariodesanpedro.com.ar\/sitio\/campana-de-vacunacion-publica-contra-la-fiebre-hemorragica-argentina\/","title":{"rendered":"Campa\u00f1a de Vacunaci\u00f3n P\u00fablica contra la Fiebre Hemorr\u00e1gica Argentina"},"content":{"rendered":"<!-- VideographyWP Plugin Message: Automatic video embedding prevented by plugin options. -->\n\n<p>La Secretar\u00eda de Salud de la Municipalidad de San Pedro recuerda que est\u00e1n disponibles en los Centros de Salud y Hospitales la vacunas contra la Fiebre Hemorr\u00e1gica Argentina (FHA).<\/p>\n\n\n\n<p>La fiebre hemorr\u00e1gica argentina es una enfermedad infecciosa end\u00e9mica en el noroeste de la provincia de Buenos Aires, sur de C\u00f3rdoba, sur de Santa fe y norte de La Pampa.<\/p>\n\n\n\n<p>La produce el virus Jun\u00edn, que tiene su reservorio en roedores silvestres. La vacuna que previene la fiebre hemorr\u00e1gica se aplica a partir de los 15 a\u00f1os en una dosis.<\/p>\n\n\n\n<p>En el Hospital Emilio Ruffa pueden vacunarse de lunes a viernes de 8 a 18hs.<\/p>\n\n\n\n<p>En los Centros de Salud de lunes a viernes de 8 a 12:30hs.<\/p>\n\n\n\n<p>En el Centro de Salud Intercultural \u00abDalagaic Piogonac\u00bb de 12 a 17hs.<\/p>\n\n\n\n<p>En los hospitales de las localidades de 13 a 17hs.<\/p>\n\n\n\n<p>En el Hospital Privado Sadiv (habilitado como vacunatorio p\u00fablico y sin cargo) de 14 a 17hs.<\/p>\n\n\n\n<figure class=\"wp-block-image size-full\"><img decoding=\"async\" width=\"630\" height=\"630\" data-attachment-id=\"107517\" data-permalink=\"https:\/\/eldiariodesanpedro.com.ar\/sitio\/campana-de-vacunacion-publica-contra-la-fiebre-hemorragica-argentina\/whatsapp-image-2022-05-30-at-11-18-47-am\/\" data-orig-file=\"https:\/\/eldiariodesanpedro.com.ar\/sitio\/wp-content\/uploads\/2022\/05\/WhatsApp-Image-2022-05-30-at-11.18.47-AM.jpeg\" data-orig-size=\"630,630\" data-comments-opened=\"0\" data-image-meta=\"{&quot;aperture&quot;:&quot;0&quot;,&quot;credit&quot;:&quot;&quot;,&quot;camera&quot;:&quot;&quot;,&quot;caption&quot;:&quot;&quot;,&quot;created_timestamp&quot;:&quot;0&quot;,&quot;copyright&quot;:&quot;&quot;,&quot;focal_length&quot;:&quot;0&quot;,&quot;iso&quot;:&quot;0&quot;,&quot;shutter_speed&quot;:&quot;0&quot;,&quot;title&quot;:&quot;&quot;,&quot;orientation&quot;:&quot;0&quot;}\" data-image-title=\"WhatsApp-Image-2022-05-30-at-11.18.47-AM\" data-image-description=\"\" data-image-caption=\"\" data-large-file=\"https:\/\/eldiariodesanpedro.com.ar\/sitio\/wp-content\/uploads\/2022\/05\/WhatsApp-Image-2022-05-30-at-11.18.47-AM.jpeg\" data-src=\"https:\/\/eldiariodesanpedro.com.ar\/sitio\/wp-content\/uploads\/2022\/05\/WhatsApp-Image-2022-05-30-at-11.18.47-AM.jpeg\" alt=\"\" class=\"wp-image-107517 lazyload\" data-srcset=\"https:\/\/eldiariodesanpedro.com.ar\/sitio\/wp-content\/uploads\/2022\/05\/WhatsApp-Image-2022-05-30-at-11.18.47-AM.jpeg 630w, https:\/\/eldiariodesanpedro.com.ar\/sitio\/wp-content\/uploads\/2022\/05\/WhatsApp-Image-2022-05-30-at-11.18.47-AM-300x300.jpeg 300w, https:\/\/eldiariodesanpedro.com.ar\/sitio\/wp-content\/uploads\/2022\/05\/WhatsApp-Image-2022-05-30-at-11.18.47-AM-150x150.jpeg 150w\" data-sizes=\"(max-width: 630px) 100vw, 630px\" src=\"data:image\/svg+xml;base64,PHN2ZyB3aWR0aD0iMSIgaGVpZ2h0PSIxIiB4bWxucz0iaHR0cDovL3d3dy53My5vcmcvMjAwMC9zdmciPjwvc3ZnPg==\" style=\"--smush-placeholder-width: 630px; --smush-placeholder-aspect-ratio: 630\/630;\" \/><\/figure>\n","protected":false},"excerpt":{"rendered":"<p>La Secretar\u00eda de Salud de la Municipalidad de San Pedro recuerda que est\u00e1n disponibles en los Centros de Salud y Hospitales la vacunas contra la Fiebre Hemorr\u00e1gica Argentina (FHA). La fiebre hemorr\u00e1gica argentina es una enfermedad infecciosa end\u00e9mica en el noroeste de la provincia de Buenos Aires, sur de C\u00f3rdoba, sur de Santa fe y [&hellip;]<\/p>\n","protected":false},"author":4,"featured_media":100122,"comment_status":"closed","ping_status":"closed","sticky":false,"template":"","format":"standard","meta":{"om_disable_all_campaigns":false,"_jetpack_memberships_contains_paid_content":false,"footnotes":""},"categories":[101,2],"tags":[197,696,33,19],"class_list":["post-107516","post","type-post","status-publish","format-standard","has-post-thumbnail","hentry","category-interes-general-locales","category-locales","tag-buenos-aires","tag-interes-general","tag-locales","tag-san-pedro"],"aioseo_notices":[],"gutentor_comment":0,"jetpack_featured_media_url":"https:\/\/eldiariodesanpedro.com.ar\/sitio\/wp-content\/uploads\/2021\/10\/vacuna-coronavirus.jpeg","jetpack_shortlink":"https:\/\/wp.me\/p6RhLt-rY8","jetpack_sharing_enabled":true,"_links":{"self":[{"href":"https:\/\/eldiariodesanpedro.com.ar\/sitio\/wp-json\/wp\/v2\/posts\/107516","targetHints":{"allow":["GET"]}}],"collection":[{"href":"https:\/\/eldiariodesanpedro.com.ar\/sitio\/wp-json\/wp\/v2\/posts"}],"about":[{"href":"https:\/\/eldiariodesanpedro.com.ar\/sitio\/wp-json\/wp\/v2\/types\/post"}],"author":[{"embeddable":true,"href":"https:\/\/eldiariodesanpedro.com.ar\/sitio\/wp-json\/wp\/v2\/users\/4"}],"replies":[{"embeddable":true,"href":"https:\/\/eldiariodesanpedro.com.ar\/sitio\/wp-json\/wp\/v2\/comments?post=107516"}],"version-history":[{"count":1,"href":"https:\/\/eldiariodesanpedro.com.ar\/sitio\/wp-json\/wp\/v2\/posts\/107516\/revisions"}],"predecessor-version":[{"id":107518,"href":"https:\/\/eldiariodesanpedro.com.ar\/sitio\/wp-json\/wp\/v2\/posts\/107516\/revisions\/107518"}],"wp:featuredmedia":[{"embeddable":true,"href":"https:\/\/eldiariodesanpedro.com.ar\/sitio\/wp-json\/wp\/v2\/media\/100122"}],"wp:attachment":[{"href":"https:\/\/eldiariodesanpedro.com.ar\/sitio\/wp-json\/wp\/v2\/media?parent=107516"}],"wp:term":[{"taxonomy":"category","embeddable":true,"href":"https:\/\/eldiariodesanpedro.com.ar\/sitio\/wp-json\/wp\/v2\/categories?post=107516"},{"taxonomy":"post_tag","embeddable":true,"href":"https:\/\/eldiariodesanpedro.com.ar\/sitio\/wp-json\/wp\/v2\/tags?post=107516"}],"curies":[{"name":"wp","href":"https:\/\/api.w.org\/{rel}","templated":true}]}}