{"id":107513,"date":"2022-05-30T12:43:18","date_gmt":"2022-05-30T15:43:18","guid":{"rendered":"https:\/\/eldiariodesanpedro.com.ar\/sitio\/?p=107513"},"modified":"2022-05-30T12:43:19","modified_gmt":"2022-05-30T15:43:19","slug":"a-14-anos-de-la-detencion-de-los-ruralistas-sampedrinos","status":"publish","type":"post","link":"https:\/\/eldiariodesanpedro.com.ar\/sitio\/a-14-anos-de-la-detencion-de-los-ruralistas-sampedrinos\/","title":{"rendered":"A 14 a\u00f1os de la detenci\u00f3n de los ruralistas sampedrinos"},"content":{"rendered":"<!-- VideographyWP Plugin Message: Automatic video embedding prevented by plugin options. -->\n\n<p>Un d\u00eda como hoy hace 14 a\u00f1os, un grupo de productores sampedrinos y la regi\u00f3n vivimos un momento inolvidable para nuestras vidas. Tal vez, haya marcado tambi\u00e9n un punto de inflexi\u00f3n en la historia de la lucha por los derechos de quienes circunstancialmente representamos en aquellos d\u00edas, los intereses de quienes nos revelamos ante un atropello pol\u00edtico que lamentablemente sent\u00f3 bases que parecen seguir siendo muy s\u00f3lidas.<\/p>\n\n\n\n<p>El&nbsp;<strong>30 de mayo del 2008,<\/strong>&nbsp;diciendo NO a \u00abla 125\u00bb y uniendo nuestras voces y nuestras familias para acompa\u00f1ar un reclamo nacional ocho ruralistas sampedrinos fueron detenidos bajo una car\u00e1tula que se denomin\u00f3 \u201cincendio doloso e interrupci\u00f3n de la circulaci\u00f3n en una ruta\u201d.<\/p>\n\n\n\n<p>El Fiscal pidi\u00f3 el procesamiento y a\u00f1os despu\u00e9s el Juez Federal declar\u00f3 la falta de m\u00e9rito. Las horas de angustia de la detenci\u00f3n fueron eternas pero cuando se terminaron, significaron el impulso definitivo para no abandonar el reclamo que se hizo m\u00e1s fuerte en todo el pa\u00eds.<\/p>\n\n\n\n<p>Desde la Sociedad Rural de San Pedro recordamos que los protagonistas de aquella jornada fueron Ra\u00fal y Rufino Victores, Juan y Fernando Morreres, Alberto Batalla, Juan Kissling, Fabi\u00e1n Pascual y Reinaldo Bianchini.<\/p>\n\n\n\n<p>Lamentablemente debemos seguir en las rutas, en las redes, en los medios y en las asambleas recordando a quienes conducen el pa\u00eds que una recuperaci\u00f3n s\u00f3lo es posible CON EL CAMPO y no CONTRA EL CAMPO. Y que el tiempo transcurrido puede haber dejado algunos en el camino y haber hecho mella en otros, pero encontrar\u00e1 sangre nueva para defender los derechos y la importancia de la producci\u00f3n en la Rep\u00fablica Argentina.<\/p>\n","protected":false},"excerpt":{"rendered":"<p>Un d\u00eda como hoy hace 14 a\u00f1os, un grupo de productores sampedrinos y la regi\u00f3n vivimos un momento inolvidable para nuestras vidas. Tal vez, haya marcado tambi\u00e9n un punto de inflexi\u00f3n en la historia de la lucha por los derechos de quienes circunstancialmente representamos en aquellos d\u00edas, los intereses de quienes nos revelamos ante un [&hellip;]<\/p>\n","protected":false},"author":4,"featured_media":107514,"comment_status":"closed","ping_status":"closed","sticky":false,"template":"","format":"standard","meta":{"om_disable_all_campaigns":false,"_jetpack_memberships_contains_paid_content":false,"footnotes":""},"categories":[50,101,2],"tags":[197,696,33,19],"class_list":["post-107513","post","type-post","status-publish","format-standard","has-post-thumbnail","hentry","category-destacadas","category-interes-general-locales","category-locales","tag-buenos-aires","tag-interes-general","tag-locales","tag-san-pedro"],"aioseo_notices":[],"gutentor_comment":0,"jetpack_featured_media_url":"https:\/\/eldiariodesanpedro.com.ar\/sitio\/wp-content\/uploads\/2022\/05\/DETENIDOS.jpg","jetpack_shortlink":"https:\/\/wp.me\/p6RhLt-rY5","jetpack_sharing_enabled":true,"_links":{"self":[{"href":"https:\/\/eldiariodesanpedro.com.ar\/sitio\/wp-json\/wp\/v2\/posts\/107513","targetHints":{"allow":["GET"]}}],"collection":[{"href":"https:\/\/eldiariodesanpedro.com.ar\/sitio\/wp-json\/wp\/v2\/posts"}],"about":[{"href":"https:\/\/eldiariodesanpedro.com.ar\/sitio\/wp-json\/wp\/v2\/types\/post"}],"author":[{"embeddable":true,"href":"https:\/\/eldiariodesanpedro.com.ar\/sitio\/wp-json\/wp\/v2\/users\/4"}],"replies":[{"embeddable":true,"href":"https:\/\/eldiariodesanpedro.com.ar\/sitio\/wp-json\/wp\/v2\/comments?post=107513"}],"version-history":[{"count":1,"href":"https:\/\/eldiariodesanpedro.com.ar\/sitio\/wp-json\/wp\/v2\/posts\/107513\/revisions"}],"predecessor-version":[{"id":107515,"href":"https:\/\/eldiariodesanpedro.com.ar\/sitio\/wp-json\/wp\/v2\/posts\/107513\/revisions\/107515"}],"wp:featuredmedia":[{"embeddable":true,"href":"https:\/\/eldiariodesanpedro.com.ar\/sitio\/wp-json\/wp\/v2\/media\/107514"}],"wp:attachment":[{"href":"https:\/\/eldiariodesanpedro.com.ar\/sitio\/wp-json\/wp\/v2\/media?parent=107513"}],"wp:term":[{"taxonomy":"category","embeddable":true,"href":"https:\/\/eldiariodesanpedro.com.ar\/sitio\/wp-json\/wp\/v2\/categories?post=107513"},{"taxonomy":"post_tag","embeddable":true,"href":"https:\/\/eldiariodesanpedro.com.ar\/sitio\/wp-json\/wp\/v2\/tags?post=107513"}],"curies":[{"name":"wp","href":"https:\/\/api.w.org\/{rel}","templated":true}]}}