{"id":107510,"date":"2022-05-30T12:11:20","date_gmt":"2022-05-30T15:11:20","guid":{"rendered":"https:\/\/eldiariodesanpedro.com.ar\/sitio\/?p=107510"},"modified":"2022-05-30T12:11:21","modified_gmt":"2022-05-30T15:11:21","slug":"principio-de-incendio-en-un-hogar-a-lena-de-una-vivienda-en-el-barrio-villa-igoillo","status":"publish","type":"post","link":"https:\/\/eldiariodesanpedro.com.ar\/sitio\/principio-de-incendio-en-un-hogar-a-lena-de-una-vivienda-en-el-barrio-villa-igoillo\/","title":{"rendered":"Principio de incendio en un hogar a le\u00f1a de una vivienda en el barrio Villa Igoillo"},"content":{"rendered":"<!-- VideographyWP Plugin Message: Automatic video embedding prevented by plugin options. -->\n\n<p>Una dotaci\u00f3n del cuartel concurri\u00f3 al lugar alrededor de las 9.00 de este lunes. Lograron controlar la situaci\u00f3n sin mayores dificultades.<\/p>\n\n\n\n<p>El incendio en un hogar a le\u00f1a en una vivienda ubicada en Bonorino al 300, en el barrio Villa Igoillo, requiri\u00f3 la intervenci\u00f3n de Bomberos.<\/p>\n\n\n\n<p>Sucedi\u00f3 este lunes, antes de las 9.00 de la ma\u00f1ana, cuando una dotaci\u00f3n del cuartel de Voluntarios local fue convocada ante la situaci\u00f3n.<\/p>\n\n\n\n<p>La dotaci\u00f3n logr\u00f3 sofocar el incendio tras controlar el foco \u00edgneo sin que haya que lamentar p\u00e9rdidas ni lesionados producto del siniestro.<\/p>\n\n\n\n<p><a href=\"https:\/\/www.laopinionsemanario.com.ar\/secciones\/informacion-general\/\"><\/a><\/p>\n","protected":false},"excerpt":{"rendered":"<p>Una dotaci\u00f3n del cuartel concurri\u00f3 al lugar alrededor de las 9.00 de este lunes. Lograron controlar la situaci\u00f3n sin mayores dificultades. El incendio en un hogar a le\u00f1a en una vivienda ubicada en Bonorino al 300, en el barrio Villa Igoillo, requiri\u00f3 la intervenci\u00f3n de Bomberos. Sucedi\u00f3 este lunes, antes de las 9.00 de la [&hellip;]<\/p>\n","protected":false},"author":4,"featured_media":107511,"comment_status":"closed","ping_status":"closed","sticky":false,"template":"","format":"standard","meta":{"om_disable_all_campaigns":false,"_jetpack_memberships_contains_paid_content":false,"footnotes":""},"categories":[2,103],"tags":[197,33,95,19],"class_list":["post-107510","post","type-post","status-publish","format-standard","has-post-thumbnail","hentry","category-locales","category-policiales-locales","tag-buenos-aires","tag-locales","tag-policiales","tag-san-pedro"],"aioseo_notices":[],"gutentor_comment":0,"jetpack_featured_media_url":"https:\/\/eldiariodesanpedro.com.ar\/sitio\/wp-content\/uploads\/2022\/05\/WhatsApp-Image-2022-05-30-at-9.01.33-AM.jpeg","jetpack_shortlink":"https:\/\/wp.me\/p6RhLt-rY2","jetpack_sharing_enabled":true,"_links":{"self":[{"href":"https:\/\/eldiariodesanpedro.com.ar\/sitio\/wp-json\/wp\/v2\/posts\/107510","targetHints":{"allow":["GET"]}}],"collection":[{"href":"https:\/\/eldiariodesanpedro.com.ar\/sitio\/wp-json\/wp\/v2\/posts"}],"about":[{"href":"https:\/\/eldiariodesanpedro.com.ar\/sitio\/wp-json\/wp\/v2\/types\/post"}],"author":[{"embeddable":true,"href":"https:\/\/eldiariodesanpedro.com.ar\/sitio\/wp-json\/wp\/v2\/users\/4"}],"replies":[{"embeddable":true,"href":"https:\/\/eldiariodesanpedro.com.ar\/sitio\/wp-json\/wp\/v2\/comments?post=107510"}],"version-history":[{"count":1,"href":"https:\/\/eldiariodesanpedro.com.ar\/sitio\/wp-json\/wp\/v2\/posts\/107510\/revisions"}],"predecessor-version":[{"id":107512,"href":"https:\/\/eldiariodesanpedro.com.ar\/sitio\/wp-json\/wp\/v2\/posts\/107510\/revisions\/107512"}],"wp:featuredmedia":[{"embeddable":true,"href":"https:\/\/eldiariodesanpedro.com.ar\/sitio\/wp-json\/wp\/v2\/media\/107511"}],"wp:attachment":[{"href":"https:\/\/eldiariodesanpedro.com.ar\/sitio\/wp-json\/wp\/v2\/media?parent=107510"}],"wp:term":[{"taxonomy":"category","embeddable":true,"href":"https:\/\/eldiariodesanpedro.com.ar\/sitio\/wp-json\/wp\/v2\/categories?post=107510"},{"taxonomy":"post_tag","embeddable":true,"href":"https:\/\/eldiariodesanpedro.com.ar\/sitio\/wp-json\/wp\/v2\/tags?post=107510"}],"curies":[{"name":"wp","href":"https:\/\/api.w.org\/{rel}","templated":true}]}}