{"id":107508,"date":"2022-05-30T11:37:49","date_gmt":"2022-05-30T14:37:49","guid":{"rendered":"https:\/\/eldiariodesanpedro.com.ar\/sitio\/?p=107508"},"modified":"2022-05-30T11:37:49","modified_gmt":"2022-05-30T14:37:49","slug":"delincuentes-ingresaron-una-vivienda-cuando-no-habia-nadie-y-se-llevaron-14-mil-pesos","status":"publish","type":"post","link":"https:\/\/eldiariodesanpedro.com.ar\/sitio\/delincuentes-ingresaron-una-vivienda-cuando-no-habia-nadie-y-se-llevaron-14-mil-pesos\/","title":{"rendered":"Delincuentes ingresaron una vivienda cuando no hab\u00eda nadie y se llevaron 14 mil pesos"},"content":{"rendered":"<!-- VideographyWP Plugin Message: Automatic video embedding prevented by plugin options. -->\n\n<p>El pasado domingo alrededor de las 21 hs denunci\u00f3 una ciudadana mayor de edad 28 a\u00f1os, que se ausenta de su domicilio, ubicado en calle Avenida de 3 de Febrero al 1700 aproximadamente, entre las 15:00 hs y 20:30 horas, y que al regresar a su morada denota que la puerta trasera que da al patio de atr\u00e1s estaba violentada, hallando adem\u00e1s desorden en la habitaci\u00f3n en donde pernocta y el faltante de dinero en efectivo, de una suma de 14 mil pesos.<br>Interviene U.F.I. N\u00b0 07 Local.-<\/p>\n","protected":false},"excerpt":{"rendered":"<p>El pasado domingo alrededor de las 21 hs denunci\u00f3 una ciudadana mayor de edad 28 a\u00f1os, que se ausenta de su domicilio, ubicado en calle Avenida de 3 de Febrero al 1700 aproximadamente, entre las 15:00 hs y 20:30 horas, y que al regresar a su morada denota que la puerta trasera que da al [&hellip;]<\/p>\n","protected":false},"author":4,"featured_media":77860,"comment_status":"closed","ping_status":"closed","sticky":false,"template":"","format":"standard","meta":{"om_disable_all_campaigns":false,"_jetpack_memberships_contains_paid_content":false,"footnotes":""},"categories":[50,2,103],"tags":[197,33,95,19],"class_list":["post-107508","post","type-post","status-publish","format-standard","has-post-thumbnail","hentry","category-destacadas","category-locales","category-policiales-locales","tag-buenos-aires","tag-locales","tag-policiales","tag-san-pedro"],"aioseo_notices":[],"gutentor_comment":0,"jetpack_featured_media_url":"https:\/\/eldiariodesanpedro.com.ar\/sitio\/wp-content\/uploads\/2020\/07\/000085506.jpg","jetpack_shortlink":"https:\/\/wp.me\/p6RhLt-rY0","jetpack_sharing_enabled":true,"_links":{"self":[{"href":"https:\/\/eldiariodesanpedro.com.ar\/sitio\/wp-json\/wp\/v2\/posts\/107508","targetHints":{"allow":["GET"]}}],"collection":[{"href":"https:\/\/eldiariodesanpedro.com.ar\/sitio\/wp-json\/wp\/v2\/posts"}],"about":[{"href":"https:\/\/eldiariodesanpedro.com.ar\/sitio\/wp-json\/wp\/v2\/types\/post"}],"author":[{"embeddable":true,"href":"https:\/\/eldiariodesanpedro.com.ar\/sitio\/wp-json\/wp\/v2\/users\/4"}],"replies":[{"embeddable":true,"href":"https:\/\/eldiariodesanpedro.com.ar\/sitio\/wp-json\/wp\/v2\/comments?post=107508"}],"version-history":[{"count":1,"href":"https:\/\/eldiariodesanpedro.com.ar\/sitio\/wp-json\/wp\/v2\/posts\/107508\/revisions"}],"predecessor-version":[{"id":107509,"href":"https:\/\/eldiariodesanpedro.com.ar\/sitio\/wp-json\/wp\/v2\/posts\/107508\/revisions\/107509"}],"wp:featuredmedia":[{"embeddable":true,"href":"https:\/\/eldiariodesanpedro.com.ar\/sitio\/wp-json\/wp\/v2\/media\/77860"}],"wp:attachment":[{"href":"https:\/\/eldiariodesanpedro.com.ar\/sitio\/wp-json\/wp\/v2\/media?parent=107508"}],"wp:term":[{"taxonomy":"category","embeddable":true,"href":"https:\/\/eldiariodesanpedro.com.ar\/sitio\/wp-json\/wp\/v2\/categories?post=107508"},{"taxonomy":"post_tag","embeddable":true,"href":"https:\/\/eldiariodesanpedro.com.ar\/sitio\/wp-json\/wp\/v2\/tags?post=107508"}],"curies":[{"name":"wp","href":"https:\/\/api.w.org\/{rel}","templated":true}]}}