{"id":107506,"date":"2022-05-30T11:23:08","date_gmt":"2022-05-30T14:23:08","guid":{"rendered":"https:\/\/eldiariodesanpedro.com.ar\/sitio\/?p=107506"},"modified":"2022-05-30T11:23:09","modified_gmt":"2022-05-30T14:23:09","slug":"denuncia-de-amenazas-entre-vecinos-de-la-baja-de-chavez","status":"publish","type":"post","link":"https:\/\/eldiariodesanpedro.com.ar\/sitio\/denuncia-de-amenazas-entre-vecinos-de-la-baja-de-chavez\/","title":{"rendered":"Denuncia de amenazas entre vecinos de la Baja de Ch\u00e1vez"},"content":{"rendered":"<!-- VideographyWP Plugin Message: Automatic video embedding prevented by plugin options. -->\n\n<p>Este domingo en horas de la noche alrededor de las 20 horas aproximadamente, se hicieron presente en la comisar\u00eda local tres personas manifestando tener problemas personales entre s\u00ed, y siendo la misma de vieja data, residiendo todos ellos en inmediaciones de la<br>bajada de Ch\u00e1vez.<br>Se recepcionan las correspondientes denuncias, dando intervenci\u00f3n a la U.F.I. N\u00b0 07 Local.-<\/p>\n","protected":false},"excerpt":{"rendered":"<p>Este domingo en horas de la noche alrededor de las 20 horas aproximadamente, se hicieron presente en la comisar\u00eda local tres personas manifestando tener problemas personales entre s\u00ed, y siendo la misma de vieja data, residiendo todos ellos en inmediaciones de labajada de Ch\u00e1vez.Se recepcionan las correspondientes denuncias, dando intervenci\u00f3n a la U.F.I. N\u00b0 07 [&hellip;]<\/p>\n","protected":false},"author":4,"featured_media":45394,"comment_status":"closed","ping_status":"closed","sticky":false,"template":"","format":"standard","meta":{"om_disable_all_campaigns":false,"_jetpack_memberships_contains_paid_content":false,"footnotes":""},"categories":[2,103],"tags":[197,33,95,19],"class_list":["post-107506","post","type-post","status-publish","format-standard","has-post-thumbnail","hentry","category-locales","category-policiales-locales","tag-buenos-aires","tag-locales","tag-policiales","tag-san-pedro"],"aioseo_notices":[],"gutentor_comment":0,"jetpack_featured_media_url":"https:\/\/eldiariodesanpedro.com.ar\/sitio\/wp-content\/uploads\/2019\/01\/comisaria.jpg","jetpack_shortlink":"https:\/\/wp.me\/p6RhLt-rXY","jetpack_sharing_enabled":true,"_links":{"self":[{"href":"https:\/\/eldiariodesanpedro.com.ar\/sitio\/wp-json\/wp\/v2\/posts\/107506","targetHints":{"allow":["GET"]}}],"collection":[{"href":"https:\/\/eldiariodesanpedro.com.ar\/sitio\/wp-json\/wp\/v2\/posts"}],"about":[{"href":"https:\/\/eldiariodesanpedro.com.ar\/sitio\/wp-json\/wp\/v2\/types\/post"}],"author":[{"embeddable":true,"href":"https:\/\/eldiariodesanpedro.com.ar\/sitio\/wp-json\/wp\/v2\/users\/4"}],"replies":[{"embeddable":true,"href":"https:\/\/eldiariodesanpedro.com.ar\/sitio\/wp-json\/wp\/v2\/comments?post=107506"}],"version-history":[{"count":1,"href":"https:\/\/eldiariodesanpedro.com.ar\/sitio\/wp-json\/wp\/v2\/posts\/107506\/revisions"}],"predecessor-version":[{"id":107507,"href":"https:\/\/eldiariodesanpedro.com.ar\/sitio\/wp-json\/wp\/v2\/posts\/107506\/revisions\/107507"}],"wp:featuredmedia":[{"embeddable":true,"href":"https:\/\/eldiariodesanpedro.com.ar\/sitio\/wp-json\/wp\/v2\/media\/45394"}],"wp:attachment":[{"href":"https:\/\/eldiariodesanpedro.com.ar\/sitio\/wp-json\/wp\/v2\/media?parent=107506"}],"wp:term":[{"taxonomy":"category","embeddable":true,"href":"https:\/\/eldiariodesanpedro.com.ar\/sitio\/wp-json\/wp\/v2\/categories?post=107506"},{"taxonomy":"post_tag","embeddable":true,"href":"https:\/\/eldiariodesanpedro.com.ar\/sitio\/wp-json\/wp\/v2\/tags?post=107506"}],"curies":[{"name":"wp","href":"https:\/\/api.w.org\/{rel}","templated":true}]}}