{"id":107503,"date":"2022-05-30T11:15:43","date_gmt":"2022-05-30T14:15:43","guid":{"rendered":"https:\/\/eldiariodesanpedro.com.ar\/sitio\/?p=107503"},"modified":"2022-05-30T11:15:44","modified_gmt":"2022-05-30T14:15:44","slug":"ciudadano-de-zarate-estafado-por-una-supuesta-vivienda-en-alquiler","status":"publish","type":"post","link":"https:\/\/eldiariodesanpedro.com.ar\/sitio\/ciudadano-de-zarate-estafado-por-una-supuesta-vivienda-en-alquiler\/","title":{"rendered":"Ciudadano de Z\u00e1rate estafado por una supuesta vivienda en alquiler"},"content":{"rendered":"<!-- VideographyWP Plugin Message: Automatic video embedding prevented by plugin options. -->\n\n<p>Este domingo en horas de la tarde alrededor de las 13 hs, denunci\u00f3 un ciudadano oriundo de la ciudad de Z\u00e1rate, que mantiene comunicaci\u00f3n v\u00eda red social Facebook con una persona que publica una vivienda en alquiler sobre calle Arnaldo al 300 aproximadamente, por lo que le deposita dinero en efectivo en una cuenta bancaria, siendo bloqueado al momento no pudiendo obtener comunicaci\u00f3n con dicho individuo.<br>Interviene U.F.I. N\u00b0 07 Local.-<\/p>\n","protected":false},"excerpt":{"rendered":"<p>Este domingo en horas de la tarde alrededor de las 13 hs, denunci\u00f3 un ciudadano oriundo de la ciudad de Z\u00e1rate, que mantiene comunicaci\u00f3n v\u00eda red social Facebook con una persona que publica una vivienda en alquiler sobre calle Arnaldo al 300 aproximadamente, por lo que le deposita dinero en efectivo en una cuenta bancaria, [&hellip;]<\/p>\n","protected":false},"author":4,"featured_media":103679,"comment_status":"closed","ping_status":"closed","sticky":false,"template":"","format":"standard","meta":{"om_disable_all_campaigns":false,"_jetpack_memberships_contains_paid_content":false,"footnotes":""},"categories":[50,2,103],"tags":[197,33,95,19],"class_list":["post-107503","post","type-post","status-publish","format-standard","has-post-thumbnail","hentry","category-destacadas","category-locales","category-policiales-locales","tag-buenos-aires","tag-locales","tag-policiales","tag-san-pedro"],"aioseo_notices":[],"gutentor_comment":0,"jetpack_featured_media_url":"https:\/\/eldiariodesanpedro.com.ar\/sitio\/wp-content\/uploads\/2022\/02\/comisaria_san_pedro.jpg","jetpack_shortlink":"https:\/\/wp.me\/p6RhLt-rXV","jetpack_sharing_enabled":true,"_links":{"self":[{"href":"https:\/\/eldiariodesanpedro.com.ar\/sitio\/wp-json\/wp\/v2\/posts\/107503","targetHints":{"allow":["GET"]}}],"collection":[{"href":"https:\/\/eldiariodesanpedro.com.ar\/sitio\/wp-json\/wp\/v2\/posts"}],"about":[{"href":"https:\/\/eldiariodesanpedro.com.ar\/sitio\/wp-json\/wp\/v2\/types\/post"}],"author":[{"embeddable":true,"href":"https:\/\/eldiariodesanpedro.com.ar\/sitio\/wp-json\/wp\/v2\/users\/4"}],"replies":[{"embeddable":true,"href":"https:\/\/eldiariodesanpedro.com.ar\/sitio\/wp-json\/wp\/v2\/comments?post=107503"}],"version-history":[{"count":1,"href":"https:\/\/eldiariodesanpedro.com.ar\/sitio\/wp-json\/wp\/v2\/posts\/107503\/revisions"}],"predecessor-version":[{"id":107504,"href":"https:\/\/eldiariodesanpedro.com.ar\/sitio\/wp-json\/wp\/v2\/posts\/107503\/revisions\/107504"}],"wp:featuredmedia":[{"embeddable":true,"href":"https:\/\/eldiariodesanpedro.com.ar\/sitio\/wp-json\/wp\/v2\/media\/103679"}],"wp:attachment":[{"href":"https:\/\/eldiariodesanpedro.com.ar\/sitio\/wp-json\/wp\/v2\/media?parent=107503"}],"wp:term":[{"taxonomy":"category","embeddable":true,"href":"https:\/\/eldiariodesanpedro.com.ar\/sitio\/wp-json\/wp\/v2\/categories?post=107503"},{"taxonomy":"post_tag","embeddable":true,"href":"https:\/\/eldiariodesanpedro.com.ar\/sitio\/wp-json\/wp\/v2\/tags?post=107503"}],"curies":[{"name":"wp","href":"https:\/\/api.w.org\/{rel}","templated":true}]}}