{"id":107494,"date":"2022-05-30T10:29:53","date_gmt":"2022-05-30T13:29:53","guid":{"rendered":"https:\/\/eldiariodesanpedro.com.ar\/sitio\/?p=107494"},"modified":"2022-05-30T10:29:53","modified_gmt":"2022-05-30T13:29:53","slug":"teatro-independiente-en-el-siripo-un-tonto-en-una-caja","status":"publish","type":"post","link":"https:\/\/eldiariodesanpedro.com.ar\/sitio\/teatro-independiente-en-el-siripo-un-tonto-en-una-caja\/","title":{"rendered":"Teatro independiente en el Siripo \u201cUn tonto en una caja\u201d"},"content":{"rendered":"<!-- VideographyWP Plugin Message: Automatic video embedding prevented by plugin options. -->\n\n<p>Este domingo se llev\u00f3 a cabo la obra \u201cUn tonto en una Caja\u201d en el Teatro Municipal Siripo, una comedia teatral de Mart\u00edn Giner representada por el grupo \u00abUyarty\u00bb de Jujuy.<\/p>\n\n\n\n<p>La obra dirigida por Liliana Moreno presenta distintos enfoques culturales, sociales, filos\u00f3ficos y cient\u00edficos centrados en la comedia negra, un tipo de comedia que utiliza el humor \u00e1cido para provocar risa.<\/p>\n\n\n\n<p>Un proyecto surgido con la idea de fundir los trabajos y experiencias del grupo a trav\u00e9s de una obra cuyo dramaturgo es considerado de la m\u00e1s alta estima en la actualidad.<\/p>\n\n\n\n<p>La funci\u00f3n cont\u00f3 con la actuaci\u00f3n de Roberto Cruz como el Notable, Eva Sternberg como la Peque\u00f1a y Juan Alabesa como el Grande quienes representando al teatro juje\u00f1o ofrecieron al p\u00fablico una reuni\u00f3n particular entre las distintas clases sociales confrontados por un misterio envuelto en una caja.<\/p>\n\n\n\n<figure class=\"wp-block-image size-full\"><img decoding=\"async\" width=\"999\" height=\"630\" data-attachment-id=\"107496\" data-permalink=\"https:\/\/eldiariodesanpedro.com.ar\/sitio\/teatro-independiente-en-el-siripo-un-tonto-en-una-caja\/whatsapp-image-2022-05-30-at-9-19-53-am\/\" data-orig-file=\"https:\/\/eldiariodesanpedro.com.ar\/sitio\/wp-content\/uploads\/2022\/05\/WhatsApp-Image-2022-05-30-at-9.19.53-AM.jpeg\" data-orig-size=\"999,630\" data-comments-opened=\"0\" data-image-meta=\"{&quot;aperture&quot;:&quot;0&quot;,&quot;credit&quot;:&quot;&quot;,&quot;camera&quot;:&quot;&quot;,&quot;caption&quot;:&quot;&quot;,&quot;created_timestamp&quot;:&quot;0&quot;,&quot;copyright&quot;:&quot;&quot;,&quot;focal_length&quot;:&quot;0&quot;,&quot;iso&quot;:&quot;0&quot;,&quot;shutter_speed&quot;:&quot;0&quot;,&quot;title&quot;:&quot;&quot;,&quot;orientation&quot;:&quot;0&quot;}\" data-image-title=\"WhatsApp Image 2022-05-30 at 9.19.53 AM\" data-image-description=\"\" data-image-caption=\"\" data-large-file=\"https:\/\/eldiariodesanpedro.com.ar\/sitio\/wp-content\/uploads\/2022\/05\/WhatsApp-Image-2022-05-30-at-9.19.53-AM.jpeg\" data-src=\"https:\/\/eldiariodesanpedro.com.ar\/sitio\/wp-content\/uploads\/2022\/05\/WhatsApp-Image-2022-05-30-at-9.19.53-AM.jpeg\" alt=\"\" class=\"wp-image-107496 lazyload\" data-srcset=\"https:\/\/eldiariodesanpedro.com.ar\/sitio\/wp-content\/uploads\/2022\/05\/WhatsApp-Image-2022-05-30-at-9.19.53-AM.jpeg 999w, https:\/\/eldiariodesanpedro.com.ar\/sitio\/wp-content\/uploads\/2022\/05\/WhatsApp-Image-2022-05-30-at-9.19.53-AM-300x189.jpeg 300w, https:\/\/eldiariodesanpedro.com.ar\/sitio\/wp-content\/uploads\/2022\/05\/WhatsApp-Image-2022-05-30-at-9.19.53-AM-768x484.jpeg 768w\" data-sizes=\"(max-width: 999px) 100vw, 999px\" src=\"data:image\/svg+xml;base64,PHN2ZyB3aWR0aD0iMSIgaGVpZ2h0PSIxIiB4bWxucz0iaHR0cDovL3d3dy53My5vcmcvMjAwMC9zdmciPjwvc3ZnPg==\" style=\"--smush-placeholder-width: 999px; --smush-placeholder-aspect-ratio: 999\/630;\" \/><\/figure>\n","protected":false},"excerpt":{"rendered":"<p>Este domingo se llev\u00f3 a cabo la obra \u201cUn tonto en una Caja\u201d en el Teatro Municipal Siripo, una comedia teatral de Mart\u00edn Giner representada por el grupo \u00abUyarty\u00bb de Jujuy. La obra dirigida por Liliana Moreno presenta distintos enfoques culturales, sociales, filos\u00f3ficos y cient\u00edficos centrados en la comedia negra, un tipo de comedia que [&hellip;]<\/p>\n","protected":false},"author":4,"featured_media":107495,"comment_status":"closed","ping_status":"closed","sticky":false,"template":"","format":"standard","meta":{"om_disable_all_campaigns":false,"_jetpack_memberships_contains_paid_content":false,"footnotes":""},"categories":[50,101,2],"tags":[197,696,33,19],"class_list":["post-107494","post","type-post","status-publish","format-standard","has-post-thumbnail","hentry","category-destacadas","category-interes-general-locales","category-locales","tag-buenos-aires","tag-interes-general","tag-locales","tag-san-pedro"],"aioseo_notices":[],"gutentor_comment":0,"jetpack_featured_media_url":"https:\/\/eldiariodesanpedro.com.ar\/sitio\/wp-content\/uploads\/2022\/05\/WhatsApp-Image-2022-05-30-at-9.19.52-AM.jpeg","jetpack_shortlink":"https:\/\/wp.me\/p6RhLt-rXM","jetpack_sharing_enabled":true,"_links":{"self":[{"href":"https:\/\/eldiariodesanpedro.com.ar\/sitio\/wp-json\/wp\/v2\/posts\/107494","targetHints":{"allow":["GET"]}}],"collection":[{"href":"https:\/\/eldiariodesanpedro.com.ar\/sitio\/wp-json\/wp\/v2\/posts"}],"about":[{"href":"https:\/\/eldiariodesanpedro.com.ar\/sitio\/wp-json\/wp\/v2\/types\/post"}],"author":[{"embeddable":true,"href":"https:\/\/eldiariodesanpedro.com.ar\/sitio\/wp-json\/wp\/v2\/users\/4"}],"replies":[{"embeddable":true,"href":"https:\/\/eldiariodesanpedro.com.ar\/sitio\/wp-json\/wp\/v2\/comments?post=107494"}],"version-history":[{"count":1,"href":"https:\/\/eldiariodesanpedro.com.ar\/sitio\/wp-json\/wp\/v2\/posts\/107494\/revisions"}],"predecessor-version":[{"id":107497,"href":"https:\/\/eldiariodesanpedro.com.ar\/sitio\/wp-json\/wp\/v2\/posts\/107494\/revisions\/107497"}],"wp:featuredmedia":[{"embeddable":true,"href":"https:\/\/eldiariodesanpedro.com.ar\/sitio\/wp-json\/wp\/v2\/media\/107495"}],"wp:attachment":[{"href":"https:\/\/eldiariodesanpedro.com.ar\/sitio\/wp-json\/wp\/v2\/media?parent=107494"}],"wp:term":[{"taxonomy":"category","embeddable":true,"href":"https:\/\/eldiariodesanpedro.com.ar\/sitio\/wp-json\/wp\/v2\/categories?post=107494"},{"taxonomy":"post_tag","embeddable":true,"href":"https:\/\/eldiariodesanpedro.com.ar\/sitio\/wp-json\/wp\/v2\/tags?post=107494"}],"curies":[{"name":"wp","href":"https:\/\/api.w.org\/{rel}","templated":true}]}}