{"id":107489,"date":"2022-05-28T18:24:46","date_gmt":"2022-05-28T21:24:46","guid":{"rendered":"https:\/\/eldiariodesanpedro.com.ar\/sitio\/?p=107489"},"modified":"2022-05-28T18:24:47","modified_gmt":"2022-05-28T21:24:47","slug":"duro-reves-judicial-para-pablo-ansaloni-y-arturo-rojas","status":"publish","type":"post","link":"https:\/\/eldiariodesanpedro.com.ar\/sitio\/duro-reves-judicial-para-pablo-ansaloni-y-arturo-rojas\/","title":{"rendered":"Duro rev\u00e9s judicial para Pablo Ansaloni y Arturo Rojas"},"content":{"rendered":"<!-- VideographyWP Plugin Message: Automatic video embedding prevented by plugin options. -->\n\n<p>La fiscal\u00eda detect\u00f3 graves irregularidades en la presentaci\u00f3n que los dirigentes hab\u00edan efectuado y anul\u00f3 la intervenci\u00f3n del partido en cuatro provincias. Los denunciantes ejerc\u00edan cargos p\u00fablicos cuando hicieron la presentaci\u00f3n que carec\u00eda de total autenticidad.<\/p>\n\n\n\n<p>La fiscal\u00eda en lo Criminal y Correccional Federal N\u00ba 1 a cargo del Dr. Ramiro Gonz\u00e1lez resolvi\u00f3 impugnar la presentaci\u00f3n que los dirigentes Pablo Ansaloni y Arturo Rojas hab\u00edan realizado tiempo atr\u00e1s en donde decid\u00edan intervenir el Partido FE de las provincias de Buenos Aires y Mendoza, argumentando que los sectores hab\u00edan desobedecido las \u00f3rdenes del partido de ingresar a las filas del Frente de Todos cuando el propio Cecilio Salazar, presidente del Partido FE hab\u00eda firmado la incorporaci\u00f3n.<\/p>\n\n\n\n<p>La resoluci\u00f3n judicial evidencia una grave irregularidad cometida por los controvertidos Ansaloni y Rojas ya que se advirti\u00f3 que el congreso que ellos dicen haber celebrado result\u00f3 ilusorio.<\/p>\n\n\n\n<p>\u201cEn la presentaci\u00f3n que ellos hicieron dec\u00edan que hab\u00eda 37 congresales que participaron de todo el pa\u00eds, pero yo llam\u00e9 a varios de ellos y me confirmaron que no hab\u00edan estado\u201d, se\u00f1al\u00f3 el dirigente Cecilio Salazar. \u201cLa mayor\u00eda nos ratific\u00f3 que no hab\u00edan estado en el supuesto congreso, por eso fuimos a la justicia y sali\u00f3 favorable a nosotros\u201d.&nbsp;<\/p>\n\n\n\n<p>\u201cLogramos que el fiscal interviniente se\u00f1alara que hab\u00eda sido todo falso\u201d, asegur\u00f3.<\/p>\n\n\n\n<p>Por otra parte, y lo que hace m\u00e1s burda la maniobra perge\u00f1ada por el ex diputado Ansaloni y el actual Intendente de Necochea Arturo Rojas, es que la fecha se\u00f1alada para la realizaci\u00f3n del falso congreso fue el 19 de junio de 2021, momento en el cual no estaban permitidas ese tipo de reuniones por las medias sanitarias que reg\u00edan en todo el pa\u00eds.<\/p>\n\n\n\n<p>Ahora el propio Salazar solicit\u00f3 a la jueza Servini de Cubr\u00eda que resuelva cuanto antes lo expuesto por la fiscal\u00eda para que los sectores afectados recobren la vida institucional ya que la presentaci\u00f3n efectuada en su momento paraliz\u00f3 la actividad del Partido FE en las provincias se\u00f1aladas.&nbsp;&nbsp;<\/p>\n\n\n\n<p>Lo presentado por Arturo Rojas y Pablo Ansaloni, es una clara maniobra en contra del actual Director del Belgrano Cargas Cecilio Salazar, que incluye adem\u00e1s la intervenci\u00f3n de Osprera San Pedro, pero el precio que los directivos de la obra social est\u00e1n pagando es demasiado caro ya que adem\u00e1s de la medida adoptada con pocos argumentos, la misma sigue cortada dejando a la deriva a casi 10.000 vecinos sampedrinos, considerado por muchos como un \u201cabandono de persona\u201d.<\/p>\n","protected":false},"excerpt":{"rendered":"<p>La fiscal\u00eda detect\u00f3 graves irregularidades en la presentaci\u00f3n que los dirigentes hab\u00edan efectuado y anul\u00f3 la intervenci\u00f3n del partido en cuatro provincias. Los denunciantes ejerc\u00edan cargos p\u00fablicos cuando hicieron la presentaci\u00f3n que carec\u00eda de total autenticidad. La fiscal\u00eda en lo Criminal y Correccional Federal N\u00ba 1 a cargo del Dr. Ramiro Gonz\u00e1lez resolvi\u00f3 impugnar la [&hellip;]<\/p>\n","protected":false},"author":4,"featured_media":107490,"comment_status":"closed","ping_status":"closed","sticky":false,"template":"","format":"standard","meta":{"om_disable_all_campaigns":false,"_jetpack_memberships_contains_paid_content":false,"footnotes":""},"categories":[101,2],"tags":[197,696,33,19],"class_list":["post-107489","post","type-post","status-publish","format-standard","has-post-thumbnail","hentry","category-interes-general-locales","category-locales","tag-buenos-aires","tag-interes-general","tag-locales","tag-san-pedro"],"aioseo_notices":[],"gutentor_comment":0,"jetpack_featured_media_url":"https:\/\/eldiariodesanpedro.com.ar\/sitio\/wp-content\/uploads\/2022\/05\/0000020929-resized-1920x1080-1.jpg","jetpack_shortlink":"https:\/\/wp.me\/p6RhLt-rXH","jetpack_sharing_enabled":true,"_links":{"self":[{"href":"https:\/\/eldiariodesanpedro.com.ar\/sitio\/wp-json\/wp\/v2\/posts\/107489","targetHints":{"allow":["GET"]}}],"collection":[{"href":"https:\/\/eldiariodesanpedro.com.ar\/sitio\/wp-json\/wp\/v2\/posts"}],"about":[{"href":"https:\/\/eldiariodesanpedro.com.ar\/sitio\/wp-json\/wp\/v2\/types\/post"}],"author":[{"embeddable":true,"href":"https:\/\/eldiariodesanpedro.com.ar\/sitio\/wp-json\/wp\/v2\/users\/4"}],"replies":[{"embeddable":true,"href":"https:\/\/eldiariodesanpedro.com.ar\/sitio\/wp-json\/wp\/v2\/comments?post=107489"}],"version-history":[{"count":1,"href":"https:\/\/eldiariodesanpedro.com.ar\/sitio\/wp-json\/wp\/v2\/posts\/107489\/revisions"}],"predecessor-version":[{"id":107491,"href":"https:\/\/eldiariodesanpedro.com.ar\/sitio\/wp-json\/wp\/v2\/posts\/107489\/revisions\/107491"}],"wp:featuredmedia":[{"embeddable":true,"href":"https:\/\/eldiariodesanpedro.com.ar\/sitio\/wp-json\/wp\/v2\/media\/107490"}],"wp:attachment":[{"href":"https:\/\/eldiariodesanpedro.com.ar\/sitio\/wp-json\/wp\/v2\/media?parent=107489"}],"wp:term":[{"taxonomy":"category","embeddable":true,"href":"https:\/\/eldiariodesanpedro.com.ar\/sitio\/wp-json\/wp\/v2\/categories?post=107489"},{"taxonomy":"post_tag","embeddable":true,"href":"https:\/\/eldiariodesanpedro.com.ar\/sitio\/wp-json\/wp\/v2\/tags?post=107489"}],"curies":[{"name":"wp","href":"https:\/\/api.w.org\/{rel}","templated":true}]}}