{"id":107486,"date":"2022-05-28T17:47:16","date_gmt":"2022-05-28T20:47:16","guid":{"rendered":"https:\/\/eldiariodesanpedro.com.ar\/sitio\/?p=107486"},"modified":"2022-05-28T17:47:16","modified_gmt":"2022-05-28T20:47:16","slug":"nuevo-buque-que-cargara-trigo-para-trasladar-a-haiti","status":"publish","type":"post","link":"https:\/\/eldiariodesanpedro.com.ar\/sitio\/nuevo-buque-que-cargara-trigo-para-trasladar-a-haiti\/","title":{"rendered":"Nuevo buque que cargara trigo para trasladar a Hait\u00ed"},"content":{"rendered":"<!-- VideographyWP Plugin Message: Automatic video embedding prevented by plugin options. -->\n\n<p>La Gesti\u00f3n del Puerto Local San Pedro informa el arribo de una embarcaci\u00f3n que realizara la carga de 28 mil toneladas de trigo parea transportar hacia Hait\u00ed.<\/p>\n\n\n\n<p>BUQUE: AFRICAN LILY<br>BANDERA: LIBERIA<br>ESLORA: 175 M.<br>PROCEDENCIA: LOME &#8211; TOGO<br>MUELLE: ELEVADOR<br>AMARRE ESTIMADO: 28-5-22 AM<br>MERCADERIA: 28.000 toneladas de trigo a granel<br>DESTINO: HAITI<\/p>\n","protected":false},"excerpt":{"rendered":"<p>La Gesti\u00f3n del Puerto Local San Pedro informa el arribo de una embarcaci\u00f3n que realizara la carga de 28 mil toneladas de trigo parea transportar hacia Hait\u00ed. BUQUE: AFRICAN LILYBANDERA: LIBERIAESLORA: 175 M.PROCEDENCIA: LOME &#8211; TOGOMUELLE: ELEVADORAMARRE ESTIMADO: 28-5-22 AMMERCADERIA: 28.000 toneladas de trigo a granelDESTINO: HAITI<\/p>\n","protected":false},"author":4,"featured_media":107487,"comment_status":"closed","ping_status":"closed","sticky":false,"template":"","format":"standard","meta":{"om_disable_all_campaigns":false,"_jetpack_memberships_contains_paid_content":false,"footnotes":""},"categories":[101,2],"tags":[197,696,33,19],"class_list":["post-107486","post","type-post","status-publish","format-standard","has-post-thumbnail","hentry","category-interes-general-locales","category-locales","tag-buenos-aires","tag-interes-general","tag-locales","tag-san-pedro"],"aioseo_notices":[],"gutentor_comment":0,"jetpack_featured_media_url":"https:\/\/eldiariodesanpedro.com.ar\/sitio\/wp-content\/uploads\/2022\/05\/1-2.jpg","jetpack_shortlink":"https:\/\/wp.me\/p6RhLt-rXE","jetpack_sharing_enabled":true,"_links":{"self":[{"href":"https:\/\/eldiariodesanpedro.com.ar\/sitio\/wp-json\/wp\/v2\/posts\/107486","targetHints":{"allow":["GET"]}}],"collection":[{"href":"https:\/\/eldiariodesanpedro.com.ar\/sitio\/wp-json\/wp\/v2\/posts"}],"about":[{"href":"https:\/\/eldiariodesanpedro.com.ar\/sitio\/wp-json\/wp\/v2\/types\/post"}],"author":[{"embeddable":true,"href":"https:\/\/eldiariodesanpedro.com.ar\/sitio\/wp-json\/wp\/v2\/users\/4"}],"replies":[{"embeddable":true,"href":"https:\/\/eldiariodesanpedro.com.ar\/sitio\/wp-json\/wp\/v2\/comments?post=107486"}],"version-history":[{"count":1,"href":"https:\/\/eldiariodesanpedro.com.ar\/sitio\/wp-json\/wp\/v2\/posts\/107486\/revisions"}],"predecessor-version":[{"id":107488,"href":"https:\/\/eldiariodesanpedro.com.ar\/sitio\/wp-json\/wp\/v2\/posts\/107486\/revisions\/107488"}],"wp:featuredmedia":[{"embeddable":true,"href":"https:\/\/eldiariodesanpedro.com.ar\/sitio\/wp-json\/wp\/v2\/media\/107487"}],"wp:attachment":[{"href":"https:\/\/eldiariodesanpedro.com.ar\/sitio\/wp-json\/wp\/v2\/media?parent=107486"}],"wp:term":[{"taxonomy":"category","embeddable":true,"href":"https:\/\/eldiariodesanpedro.com.ar\/sitio\/wp-json\/wp\/v2\/categories?post=107486"},{"taxonomy":"post_tag","embeddable":true,"href":"https:\/\/eldiariodesanpedro.com.ar\/sitio\/wp-json\/wp\/v2\/tags?post=107486"}],"curies":[{"name":"wp","href":"https:\/\/api.w.org\/{rel}","templated":true}]}}