{"id":107462,"date":"2022-05-28T13:50:08","date_gmt":"2022-05-28T16:50:08","guid":{"rendered":"https:\/\/eldiariodesanpedro.com.ar\/sitio\/?p=107462"},"modified":"2022-05-28T13:50:08","modified_gmt":"2022-05-28T16:50:08","slug":"robaron-en-uno-de-los-carros-del-patio-gastronomico","status":"publish","type":"post","link":"https:\/\/eldiariodesanpedro.com.ar\/sitio\/robaron-en-uno-de-los-carros-del-patio-gastronomico\/","title":{"rendered":"Robaron en uno de los carros del patio gastron\u00f3mico"},"content":{"rendered":"<!-- VideographyWP Plugin Message: Automatic video embedding prevented by plugin options. -->\n\n<p>Este viernes un ciudadano de 34 a\u00f1os se acerc\u00f3 a la comisar\u00eda local para realizar una denuncia que el d\u00eda de ayer constata que autores ignorados previo a da\u00f1ar la cerradura de su carro gastron\u00f3mico ubicado sobre la v\u00eda p\u00fablica en calle Juan de Garay y 11 de Septiembre, le sustraen un Frigo Bar y un pack de gaseosas.<\/p>\n","protected":false},"excerpt":{"rendered":"<p>Este viernes un ciudadano de 34 a\u00f1os se acerc\u00f3 a la comisar\u00eda local para realizar una denuncia que el d\u00eda de ayer constata que autores ignorados previo a da\u00f1ar la cerradura de su carro gastron\u00f3mico ubicado sobre la v\u00eda p\u00fablica en calle Juan de Garay y 11 de Septiembre, le sustraen un Frigo Bar y [&hellip;]<\/p>\n","protected":false},"author":4,"featured_media":107463,"comment_status":"closed","ping_status":"closed","sticky":false,"template":"","format":"standard","meta":{"om_disable_all_campaigns":false,"_jetpack_memberships_contains_paid_content":false,"footnotes":""},"categories":[2,103],"tags":[197,33,95,19],"class_list":["post-107462","post","type-post","status-publish","format-standard","has-post-thumbnail","hentry","category-locales","category-policiales-locales","tag-buenos-aires","tag-locales","tag-policiales","tag-san-pedro"],"aioseo_notices":[],"gutentor_comment":0,"jetpack_featured_media_url":"https:\/\/eldiariodesanpedro.com.ar\/sitio\/wp-content\/uploads\/2022\/05\/medida-14.jpg","jetpack_shortlink":"https:\/\/wp.me\/p6RhLt-rXg","jetpack_sharing_enabled":true,"_links":{"self":[{"href":"https:\/\/eldiariodesanpedro.com.ar\/sitio\/wp-json\/wp\/v2\/posts\/107462","targetHints":{"allow":["GET"]}}],"collection":[{"href":"https:\/\/eldiariodesanpedro.com.ar\/sitio\/wp-json\/wp\/v2\/posts"}],"about":[{"href":"https:\/\/eldiariodesanpedro.com.ar\/sitio\/wp-json\/wp\/v2\/types\/post"}],"author":[{"embeddable":true,"href":"https:\/\/eldiariodesanpedro.com.ar\/sitio\/wp-json\/wp\/v2\/users\/4"}],"replies":[{"embeddable":true,"href":"https:\/\/eldiariodesanpedro.com.ar\/sitio\/wp-json\/wp\/v2\/comments?post=107462"}],"version-history":[{"count":1,"href":"https:\/\/eldiariodesanpedro.com.ar\/sitio\/wp-json\/wp\/v2\/posts\/107462\/revisions"}],"predecessor-version":[{"id":107464,"href":"https:\/\/eldiariodesanpedro.com.ar\/sitio\/wp-json\/wp\/v2\/posts\/107462\/revisions\/107464"}],"wp:featuredmedia":[{"embeddable":true,"href":"https:\/\/eldiariodesanpedro.com.ar\/sitio\/wp-json\/wp\/v2\/media\/107463"}],"wp:attachment":[{"href":"https:\/\/eldiariodesanpedro.com.ar\/sitio\/wp-json\/wp\/v2\/media?parent=107462"}],"wp:term":[{"taxonomy":"category","embeddable":true,"href":"https:\/\/eldiariodesanpedro.com.ar\/sitio\/wp-json\/wp\/v2\/categories?post=107462"},{"taxonomy":"post_tag","embeddable":true,"href":"https:\/\/eldiariodesanpedro.com.ar\/sitio\/wp-json\/wp\/v2\/tags?post=107462"}],"curies":[{"name":"wp","href":"https:\/\/api.w.org\/{rel}","templated":true}]}}