{"id":107460,"date":"2022-05-28T13:41:14","date_gmt":"2022-05-28T16:41:14","guid":{"rendered":"https:\/\/eldiariodesanpedro.com.ar\/sitio\/?p=107460"},"modified":"2022-05-28T13:41:14","modified_gmt":"2022-05-28T16:41:14","slug":"una-mujer-denuncio-amenazas-graves-cuando-fue-a-rescatar-a-su-hija-de-una-casa-donde-la-drogaban","status":"publish","type":"post","link":"https:\/\/eldiariodesanpedro.com.ar\/sitio\/una-mujer-denuncio-amenazas-graves-cuando-fue-a-rescatar-a-su-hija-de-una-casa-donde-la-drogaban\/","title":{"rendered":"Una mujer denunci\u00f3 amenazas graves cuando fue a rescatar a su hija de una casa donde la drogaban"},"content":{"rendered":"<!-- VideographyWP Plugin Message: Automatic video embedding prevented by plugin options. -->\n\n<p>Este viernes en horas de la tarde en la comisar\u00eda local denunci\u00f3 una mujer de 37 a\u00f1os, que se hizo presente en domicilio de intersecci\u00f3n de calles Liniers y Facundo Quiroga en busca de su hija, por hallarse atravesando problemas de adicci\u00f3n, siendo recibida por dos masculinos, los cuales le exigen de mala manera que se retire del lugar, realizando uno de ellos ademanes que ten\u00eda un arma de fuego.<br>Interviene U.F.I. n\u00b0 07 Local.-<\/p>\n","protected":false},"excerpt":{"rendered":"<p>Este viernes en horas de la tarde en la comisar\u00eda local denunci\u00f3 una mujer de 37 a\u00f1os, que se hizo presente en domicilio de intersecci\u00f3n de calles Liniers y Facundo Quiroga en busca de su hija, por hallarse atravesando problemas de adicci\u00f3n, siendo recibida por dos masculinos, los cuales le exigen de mala manera que [&hellip;]<\/p>\n","protected":false},"author":4,"featured_media":80098,"comment_status":"closed","ping_status":"closed","sticky":false,"template":"","format":"standard","meta":{"om_disable_all_campaigns":false,"_jetpack_memberships_contains_paid_content":false,"footnotes":""},"categories":[50,101,2],"tags":[197,33,95,19],"class_list":["post-107460","post","type-post","status-publish","format-standard","has-post-thumbnail","hentry","category-destacadas","category-interes-general-locales","category-locales","tag-buenos-aires","tag-locales","tag-policiales","tag-san-pedro"],"aioseo_notices":[],"gutentor_comment":0,"jetpack_featured_media_url":"https:\/\/eldiariodesanpedro.com.ar\/sitio\/wp-content\/uploads\/2020\/08\/la-comisaria-de-la-mujer___w9ngJVkEw_640x361__1.jpg","jetpack_shortlink":"https:\/\/wp.me\/p6RhLt-rXe","jetpack_sharing_enabled":true,"_links":{"self":[{"href":"https:\/\/eldiariodesanpedro.com.ar\/sitio\/wp-json\/wp\/v2\/posts\/107460","targetHints":{"allow":["GET"]}}],"collection":[{"href":"https:\/\/eldiariodesanpedro.com.ar\/sitio\/wp-json\/wp\/v2\/posts"}],"about":[{"href":"https:\/\/eldiariodesanpedro.com.ar\/sitio\/wp-json\/wp\/v2\/types\/post"}],"author":[{"embeddable":true,"href":"https:\/\/eldiariodesanpedro.com.ar\/sitio\/wp-json\/wp\/v2\/users\/4"}],"replies":[{"embeddable":true,"href":"https:\/\/eldiariodesanpedro.com.ar\/sitio\/wp-json\/wp\/v2\/comments?post=107460"}],"version-history":[{"count":1,"href":"https:\/\/eldiariodesanpedro.com.ar\/sitio\/wp-json\/wp\/v2\/posts\/107460\/revisions"}],"predecessor-version":[{"id":107461,"href":"https:\/\/eldiariodesanpedro.com.ar\/sitio\/wp-json\/wp\/v2\/posts\/107460\/revisions\/107461"}],"wp:featuredmedia":[{"embeddable":true,"href":"https:\/\/eldiariodesanpedro.com.ar\/sitio\/wp-json\/wp\/v2\/media\/80098"}],"wp:attachment":[{"href":"https:\/\/eldiariodesanpedro.com.ar\/sitio\/wp-json\/wp\/v2\/media?parent=107460"}],"wp:term":[{"taxonomy":"category","embeddable":true,"href":"https:\/\/eldiariodesanpedro.com.ar\/sitio\/wp-json\/wp\/v2\/categories?post=107460"},{"taxonomy":"post_tag","embeddable":true,"href":"https:\/\/eldiariodesanpedro.com.ar\/sitio\/wp-json\/wp\/v2\/tags?post=107460"}],"curies":[{"name":"wp","href":"https:\/\/api.w.org\/{rel}","templated":true}]}}