{"id":107457,"date":"2022-05-28T13:34:22","date_gmt":"2022-05-28T16:34:22","guid":{"rendered":"https:\/\/eldiariodesanpedro.com.ar\/sitio\/?p=107457"},"modified":"2022-05-28T13:34:23","modified_gmt":"2022-05-28T16:34:23","slug":"un-ciudadano-denuncio-el-maltrato-de-un-caballo","status":"publish","type":"post","link":"https:\/\/eldiariodesanpedro.com.ar\/sitio\/un-ciudadano-denuncio-el-maltrato-de-un-caballo\/","title":{"rendered":"Un ciudadano denunci\u00f3 el maltrato de un caballo"},"content":{"rendered":"<!-- VideographyWP Plugin Message: Automatic video embedding prevented by plugin options. -->\n\n<p>Este viernes en horas de la ma\u00f1ana en la comisar\u00eda local se recibi\u00f3 una denuncia por parte de un ciudadano de 35 a\u00f1os que en terreno,ubicado en calle Humanes y Novillo, hay un equino que desde hace bastante tiempo sufre maltratos por parte de su propietario.<br>Interviene U.F.I. N\u00b0 07 Local.-<\/p>\n","protected":false},"excerpt":{"rendered":"<p>Este viernes en horas de la ma\u00f1ana en la comisar\u00eda local se recibi\u00f3 una denuncia por parte de un ciudadano de 35 a\u00f1os que en terreno,ubicado en calle Humanes y Novillo, hay un equino que desde hace bastante tiempo sufre maltratos por parte de su propietario.Interviene U.F.I. N\u00b0 07 Local.-<\/p>\n","protected":false},"author":4,"featured_media":107458,"comment_status":"closed","ping_status":"closed","sticky":false,"template":"","format":"standard","meta":{"om_disable_all_campaigns":false,"_jetpack_memberships_contains_paid_content":false,"footnotes":""},"categories":[2,103],"tags":[197,33,95,19],"class_list":["post-107457","post","type-post","status-publish","format-standard","has-post-thumbnail","hentry","category-locales","category-policiales-locales","tag-buenos-aires","tag-locales","tag-policiales","tag-san-pedro"],"aioseo_notices":[],"gutentor_comment":0,"jetpack_featured_media_url":"https:\/\/eldiariodesanpedro.com.ar\/sitio\/wp-content\/uploads\/2022\/05\/WhatsApp-Image-2022-05-28-at-12.57.39-PM.jpeg","jetpack_shortlink":"https:\/\/wp.me\/p6RhLt-rXb","jetpack_sharing_enabled":true,"_links":{"self":[{"href":"https:\/\/eldiariodesanpedro.com.ar\/sitio\/wp-json\/wp\/v2\/posts\/107457","targetHints":{"allow":["GET"]}}],"collection":[{"href":"https:\/\/eldiariodesanpedro.com.ar\/sitio\/wp-json\/wp\/v2\/posts"}],"about":[{"href":"https:\/\/eldiariodesanpedro.com.ar\/sitio\/wp-json\/wp\/v2\/types\/post"}],"author":[{"embeddable":true,"href":"https:\/\/eldiariodesanpedro.com.ar\/sitio\/wp-json\/wp\/v2\/users\/4"}],"replies":[{"embeddable":true,"href":"https:\/\/eldiariodesanpedro.com.ar\/sitio\/wp-json\/wp\/v2\/comments?post=107457"}],"version-history":[{"count":1,"href":"https:\/\/eldiariodesanpedro.com.ar\/sitio\/wp-json\/wp\/v2\/posts\/107457\/revisions"}],"predecessor-version":[{"id":107459,"href":"https:\/\/eldiariodesanpedro.com.ar\/sitio\/wp-json\/wp\/v2\/posts\/107457\/revisions\/107459"}],"wp:featuredmedia":[{"embeddable":true,"href":"https:\/\/eldiariodesanpedro.com.ar\/sitio\/wp-json\/wp\/v2\/media\/107458"}],"wp:attachment":[{"href":"https:\/\/eldiariodesanpedro.com.ar\/sitio\/wp-json\/wp\/v2\/media?parent=107457"}],"wp:term":[{"taxonomy":"category","embeddable":true,"href":"https:\/\/eldiariodesanpedro.com.ar\/sitio\/wp-json\/wp\/v2\/categories?post=107457"},{"taxonomy":"post_tag","embeddable":true,"href":"https:\/\/eldiariodesanpedro.com.ar\/sitio\/wp-json\/wp\/v2\/tags?post=107457"}],"curies":[{"name":"wp","href":"https:\/\/api.w.org\/{rel}","templated":true}]}}