{"id":107443,"date":"2022-05-27T23:03:54","date_gmt":"2022-05-28T02:03:54","guid":{"rendered":"https:\/\/eldiariodesanpedro.com.ar\/sitio\/?p=107443"},"modified":"2022-05-27T23:03:54","modified_gmt":"2022-05-28T02:03:54","slug":"edicto-de-sucesion-de-jose-pedro-saralegui","status":"publish","type":"post","link":"https:\/\/eldiariodesanpedro.com.ar\/sitio\/edicto-de-sucesion-de-jose-pedro-saralegui\/","title":{"rendered":"Edicto de Sucesi\u00f3n de Jose Pedro Saralegui"},"content":{"rendered":"<!-- VideographyWP Plugin Message: Automatic video embedding prevented by plugin options. -->\n\n<p>El Juzgado de Paz Letrado de Baradero cita y emplaza por treinta (30) d\u00edas a herederos y acreedores de <strong>Jose Pedro Saralegui<\/strong>.- Baradero, 27 de mayo de 2022.-<\/p>\n\n\n\n<p>ESTEBAN OMAR PERUSINA<br>ABOGADO SECRETARIO<\/p>\n\n\n\n<p>(Publicaci\u00f3n V\u00e1lida por los d\u00edas 27, 28 y 29 de Mayo de 2022)<br><a href=\"https:\/\/notificaciones.scba.gov.ar\/verificarnotificacion.aspx?codNotif=LX0MN7\">https:\/\/notificaciones.scba.gov.ar\/verificarnotificacion.aspx?codNotif=LX0MN7<\/a><\/p>\n","protected":false},"excerpt":{"rendered":"<p>El Juzgado de Paz Letrado de Baradero cita y emplaza por treinta (30) d\u00edas a herederos y acreedores de Jose Pedro Saralegui.- Baradero, 27 de mayo de 2022.- ESTEBAN OMAR PERUSINAABOGADO SECRETARIO (Publicaci\u00f3n V\u00e1lida por los d\u00edas 27, 28 y 29 de Mayo de 2022)https:\/\/notificaciones.scba.gov.ar\/verificarnotificacion.aspx?codNotif=LX0MN7<\/p>\n","protected":false},"author":4,"featured_media":81115,"comment_status":"closed","ping_status":"closed","sticky":false,"template":"","format":"standard","meta":{"om_disable_all_campaigns":false,"_jetpack_memberships_contains_paid_content":false,"footnotes":""},"categories":[676,677],"tags":[197,696,33,19],"class_list":["post-107443","post","type-post","status-publish","format-standard","has-post-thumbnail","hentry","category-edictos","category-edictos-sucesorios","tag-buenos-aires","tag-interes-general","tag-locales","tag-san-pedro"],"aioseo_notices":[],"gutentor_comment":0,"jetpack_featured_media_url":"https:\/\/eldiariodesanpedro.com.ar\/sitio\/wp-content\/uploads\/2020\/09\/Poder-Judicial.jpg","jetpack_shortlink":"https:\/\/wp.me\/p6RhLt-rWX","jetpack_sharing_enabled":true,"_links":{"self":[{"href":"https:\/\/eldiariodesanpedro.com.ar\/sitio\/wp-json\/wp\/v2\/posts\/107443","targetHints":{"allow":["GET"]}}],"collection":[{"href":"https:\/\/eldiariodesanpedro.com.ar\/sitio\/wp-json\/wp\/v2\/posts"}],"about":[{"href":"https:\/\/eldiariodesanpedro.com.ar\/sitio\/wp-json\/wp\/v2\/types\/post"}],"author":[{"embeddable":true,"href":"https:\/\/eldiariodesanpedro.com.ar\/sitio\/wp-json\/wp\/v2\/users\/4"}],"replies":[{"embeddable":true,"href":"https:\/\/eldiariodesanpedro.com.ar\/sitio\/wp-json\/wp\/v2\/comments?post=107443"}],"version-history":[{"count":1,"href":"https:\/\/eldiariodesanpedro.com.ar\/sitio\/wp-json\/wp\/v2\/posts\/107443\/revisions"}],"predecessor-version":[{"id":107444,"href":"https:\/\/eldiariodesanpedro.com.ar\/sitio\/wp-json\/wp\/v2\/posts\/107443\/revisions\/107444"}],"wp:featuredmedia":[{"embeddable":true,"href":"https:\/\/eldiariodesanpedro.com.ar\/sitio\/wp-json\/wp\/v2\/media\/81115"}],"wp:attachment":[{"href":"https:\/\/eldiariodesanpedro.com.ar\/sitio\/wp-json\/wp\/v2\/media?parent=107443"}],"wp:term":[{"taxonomy":"category","embeddable":true,"href":"https:\/\/eldiariodesanpedro.com.ar\/sitio\/wp-json\/wp\/v2\/categories?post=107443"},{"taxonomy":"post_tag","embeddable":true,"href":"https:\/\/eldiariodesanpedro.com.ar\/sitio\/wp-json\/wp\/v2\/tags?post=107443"}],"curies":[{"name":"wp","href":"https:\/\/api.w.org\/{rel}","templated":true}]}}