{"id":107181,"date":"2022-05-19T21:02:07","date_gmt":"2022-05-20T00:02:07","guid":{"rendered":"https:\/\/eldiariodesanpedro.com.ar\/sitio\/?p=107181"},"modified":"2022-05-19T21:02:08","modified_gmt":"2022-05-20T00:02:08","slug":"edicto-de-sucesion-de-reinaldo-javier-toscanini%ef%bf%bc","status":"publish","type":"post","link":"https:\/\/eldiariodesanpedro.com.ar\/sitio\/edicto-de-sucesion-de-reinaldo-javier-toscanini%ef%bf%bc\/","title":{"rendered":"Edicto de Sucesi\u00f3n de Reinaldo Javier Toscanini\ufffc"},"content":{"rendered":"<!-- VideographyWP Plugin Message: Automatic video embedding prevented by plugin options. -->\n\n<p>El Juzgado de Paz de Baradero, cita y emplaza por treinta d\u00edas a herederos y acreedores de <strong>Reinaldo Javier Toscanini<\/strong>. Baradero, 17 de mayo de 2022.<\/p>\n\n\n\n<p>OMAR ESTEBAN PERUSINA<br>ABOGADO SECRETARIO<\/p>\n\n\n\n<p>(Publicaci\u00f3n V\u00e1lida por los d\u00edas 19, 20 y 21 de Mayo de 2022)<br><a href=\"https:\/\/notificaciones.scba.gov.ar\/verificarnotificacion.aspx?codNotif=PU5PA7\">https:\/\/notificaciones.scba.gov.ar\/verificarnotificacion.aspx?codNotif=PU5PA7<\/a>&nbsp;<\/p>\n","protected":false},"excerpt":{"rendered":"<p>El Juzgado de Paz de Baradero, cita y emplaza por treinta d\u00edas a herederos y acreedores de Reinaldo Javier Toscanini. Baradero, 17 de mayo de 2022. OMAR ESTEBAN PERUSINAABOGADO SECRETARIO (Publicaci\u00f3n V\u00e1lida por los d\u00edas 19, 20 y 21 de Mayo de 2022)https:\/\/notificaciones.scba.gov.ar\/verificarnotificacion.aspx?codNotif=PU5PA7&nbsp;<\/p>\n","protected":false},"author":4,"featured_media":81115,"comment_status":"closed","ping_status":"closed","sticky":false,"template":"","format":"standard","meta":{"om_disable_all_campaigns":false,"_jetpack_memberships_contains_paid_content":false,"footnotes":""},"categories":[676,677],"tags":[197,696,33,2873,19],"class_list":["post-107181","post","type-post","status-publish","format-standard","has-post-thumbnail","hentry","category-edictos","category-edictos-sucesorios","tag-buenos-aires","tag-interes-general","tag-locales","tag-reinaldo-javier-toscanini","tag-san-pedro"],"aioseo_notices":[],"gutentor_comment":0,"jetpack_featured_media_url":"https:\/\/eldiariodesanpedro.com.ar\/sitio\/wp-content\/uploads\/2020\/09\/Poder-Judicial.jpg","jetpack_shortlink":"https:\/\/wp.me\/p6RhLt-rSJ","jetpack_sharing_enabled":true,"_links":{"self":[{"href":"https:\/\/eldiariodesanpedro.com.ar\/sitio\/wp-json\/wp\/v2\/posts\/107181","targetHints":{"allow":["GET"]}}],"collection":[{"href":"https:\/\/eldiariodesanpedro.com.ar\/sitio\/wp-json\/wp\/v2\/posts"}],"about":[{"href":"https:\/\/eldiariodesanpedro.com.ar\/sitio\/wp-json\/wp\/v2\/types\/post"}],"author":[{"embeddable":true,"href":"https:\/\/eldiariodesanpedro.com.ar\/sitio\/wp-json\/wp\/v2\/users\/4"}],"replies":[{"embeddable":true,"href":"https:\/\/eldiariodesanpedro.com.ar\/sitio\/wp-json\/wp\/v2\/comments?post=107181"}],"version-history":[{"count":1,"href":"https:\/\/eldiariodesanpedro.com.ar\/sitio\/wp-json\/wp\/v2\/posts\/107181\/revisions"}],"predecessor-version":[{"id":107182,"href":"https:\/\/eldiariodesanpedro.com.ar\/sitio\/wp-json\/wp\/v2\/posts\/107181\/revisions\/107182"}],"wp:featuredmedia":[{"embeddable":true,"href":"https:\/\/eldiariodesanpedro.com.ar\/sitio\/wp-json\/wp\/v2\/media\/81115"}],"wp:attachment":[{"href":"https:\/\/eldiariodesanpedro.com.ar\/sitio\/wp-json\/wp\/v2\/media?parent=107181"}],"wp:term":[{"taxonomy":"category","embeddable":true,"href":"https:\/\/eldiariodesanpedro.com.ar\/sitio\/wp-json\/wp\/v2\/categories?post=107181"},{"taxonomy":"post_tag","embeddable":true,"href":"https:\/\/eldiariodesanpedro.com.ar\/sitio\/wp-json\/wp\/v2\/tags?post=107181"}],"curies":[{"name":"wp","href":"https:\/\/api.w.org\/{rel}","templated":true}]}}