{"id":107170,"date":"2022-05-19T17:36:35","date_gmt":"2022-05-19T20:36:35","guid":{"rendered":"https:\/\/eldiariodesanpedro.com.ar\/sitio\/?p=107170"},"modified":"2022-05-19T17:36:35","modified_gmt":"2022-05-19T20:36:35","slug":"operativo-en-puntos-de-atencion-al-publico-para-cargar-el-censo-digital","status":"publish","type":"post","link":"https:\/\/eldiariodesanpedro.com.ar\/sitio\/operativo-en-puntos-de-atencion-al-publico-para-cargar-el-censo-digital\/","title":{"rendered":"Operativo en puntos de atenci\u00f3n al p\u00fablico para cargar el Censo Digital"},"content":{"rendered":"<!-- VideographyWP Plugin Message: Automatic video embedding prevented by plugin options. -->\n\n<p>La Jefatura Distrital de Educaci\u00f3n y la Coordinaci\u00f3n local que participa del operativo del Censo Nacional informan que ma\u00f1ana viernes 20 de mayo, se realizar\u00e1 un operativo especial para incorporar a quienes no hayan sido censados presencialmente o no hayan completado el Censo Digital.<\/p>\n\n\n\n<p>De 8 a 15 hs, se instalar\u00e1n tres puntos fijos en el CIC, el Centro de Salud Depietri y en el acceso al Hospital Emilio Ruffa.<\/p>\n\n\n\n<p>Quienes deseen ser asistidos para completar el censo digital deben acercarse con su DNI para brindar la informaci\u00f3n de su grupo de convivientes.<\/p>\n","protected":false},"excerpt":{"rendered":"<p>La Jefatura Distrital de Educaci\u00f3n y la Coordinaci\u00f3n local que participa del operativo del Censo Nacional informan que ma\u00f1ana viernes 20 de mayo, se realizar\u00e1 un operativo especial para incorporar a quienes no hayan sido censados presencialmente o no hayan completado el Censo Digital. De 8 a 15 hs, se instalar\u00e1n tres puntos fijos en [&hellip;]<\/p>\n","protected":false},"author":4,"featured_media":107171,"comment_status":"closed","ping_status":"closed","sticky":false,"template":"","format":"standard","meta":{"om_disable_all_campaigns":false,"_jetpack_memberships_contains_paid_content":false,"footnotes":""},"categories":[101,2],"tags":[197,696,33,19],"class_list":["post-107170","post","type-post","status-publish","format-standard","has-post-thumbnail","hentry","category-interes-general-locales","category-locales","tag-buenos-aires","tag-interes-general","tag-locales","tag-san-pedro"],"aioseo_notices":[],"gutentor_comment":0,"jetpack_featured_media_url":"https:\/\/eldiariodesanpedro.com.ar\/sitio\/wp-content\/uploads\/2022\/05\/censo-digital-scaled-e1647104258518.jpeg","jetpack_shortlink":"https:\/\/wp.me\/p6RhLt-rSy","jetpack_sharing_enabled":true,"_links":{"self":[{"href":"https:\/\/eldiariodesanpedro.com.ar\/sitio\/wp-json\/wp\/v2\/posts\/107170","targetHints":{"allow":["GET"]}}],"collection":[{"href":"https:\/\/eldiariodesanpedro.com.ar\/sitio\/wp-json\/wp\/v2\/posts"}],"about":[{"href":"https:\/\/eldiariodesanpedro.com.ar\/sitio\/wp-json\/wp\/v2\/types\/post"}],"author":[{"embeddable":true,"href":"https:\/\/eldiariodesanpedro.com.ar\/sitio\/wp-json\/wp\/v2\/users\/4"}],"replies":[{"embeddable":true,"href":"https:\/\/eldiariodesanpedro.com.ar\/sitio\/wp-json\/wp\/v2\/comments?post=107170"}],"version-history":[{"count":1,"href":"https:\/\/eldiariodesanpedro.com.ar\/sitio\/wp-json\/wp\/v2\/posts\/107170\/revisions"}],"predecessor-version":[{"id":107172,"href":"https:\/\/eldiariodesanpedro.com.ar\/sitio\/wp-json\/wp\/v2\/posts\/107170\/revisions\/107172"}],"wp:featuredmedia":[{"embeddable":true,"href":"https:\/\/eldiariodesanpedro.com.ar\/sitio\/wp-json\/wp\/v2\/media\/107171"}],"wp:attachment":[{"href":"https:\/\/eldiariodesanpedro.com.ar\/sitio\/wp-json\/wp\/v2\/media?parent=107170"}],"wp:term":[{"taxonomy":"category","embeddable":true,"href":"https:\/\/eldiariodesanpedro.com.ar\/sitio\/wp-json\/wp\/v2\/categories?post=107170"},{"taxonomy":"post_tag","embeddable":true,"href":"https:\/\/eldiariodesanpedro.com.ar\/sitio\/wp-json\/wp\/v2\/tags?post=107170"}],"curies":[{"name":"wp","href":"https:\/\/api.w.org\/{rel}","templated":true}]}}