{"id":107166,"date":"2022-05-19T17:33:49","date_gmt":"2022-05-19T20:33:49","guid":{"rendered":"https:\/\/eldiariodesanpedro.com.ar\/sitio\/?p=107166"},"modified":"2022-05-19T17:33:50","modified_gmt":"2022-05-19T20:33:50","slug":"participacion-en-el-lanzamiento-del-plan-provincial-de-hipertension-arterial","status":"publish","type":"post","link":"https:\/\/eldiariodesanpedro.com.ar\/sitio\/participacion-en-el-lanzamiento-del-plan-provincial-de-hipertension-arterial\/","title":{"rendered":"Participaci\u00f3n en el Lanzamiento del Plan Provincial de Hipertensi\u00f3n Arterial"},"content":{"rendered":"<!-- VideographyWP Plugin Message: Automatic video embedding prevented by plugin options. -->\n\n<p>El Secretario de Salud Dr. Pablo Piquioni y el Director de Atenci\u00f3n Primaria Dr. Gabriel Sayago participaron esta ma\u00f1ana del lanzamiento del Plan Provincial de Hipertensi\u00f3n Arterial, impulsado desde el Ministerio de Salud de la Provincia de Buenos Aires.<\/p>\n\n\n\n<p>En un acto organizado en Ensenada y con la presencia del Ministro Nicol\u00e1s Kreplac, integrantes de su equipo y de las Regiones Sanitarias en las que est\u00e1 dividida la Provincia, se entregaron tensi\u00f3metros para todos los municipios que ser\u00e1n distribuidos en los Centros de Salud y Hospitales.<\/p>\n\n\n\n<p>En la presentaci\u00f3n, encuadrada dentro de las actividades relacionadas con el D\u00eda de la Hipertensi\u00f3n se remarc\u00f3 la importancia de darle la m\u00e1xima visibilidad posible a uno de los factores de riesgo cardiovascular cr\u00f3nico m\u00e1s importantes.<\/p>\n\n\n\n<figure class=\"wp-block-image size-full\"><img decoding=\"async\" width=\"630\" height=\"630\" data-attachment-id=\"107168\" data-permalink=\"https:\/\/eldiariodesanpedro.com.ar\/sitio\/participacion-en-el-lanzamiento-del-plan-provincial-de-hipertension-arterial\/whatsapp-image-2022-05-19-at-12-47-55-pm\/\" data-orig-file=\"https:\/\/eldiariodesanpedro.com.ar\/sitio\/wp-content\/uploads\/2022\/05\/WhatsApp-Image-2022-05-19-at-12.47.55-PM.jpeg\" data-orig-size=\"630,630\" data-comments-opened=\"0\" data-image-meta=\"{&quot;aperture&quot;:&quot;0&quot;,&quot;credit&quot;:&quot;&quot;,&quot;camera&quot;:&quot;&quot;,&quot;caption&quot;:&quot;&quot;,&quot;created_timestamp&quot;:&quot;0&quot;,&quot;copyright&quot;:&quot;&quot;,&quot;focal_length&quot;:&quot;0&quot;,&quot;iso&quot;:&quot;0&quot;,&quot;shutter_speed&quot;:&quot;0&quot;,&quot;title&quot;:&quot;&quot;,&quot;orientation&quot;:&quot;0&quot;}\" data-image-title=\"WhatsApp Image 2022-05-19 at 12.47.55 PM\" data-image-description=\"\" data-image-caption=\"\" data-large-file=\"https:\/\/eldiariodesanpedro.com.ar\/sitio\/wp-content\/uploads\/2022\/05\/WhatsApp-Image-2022-05-19-at-12.47.55-PM.jpeg\" data-src=\"https:\/\/eldiariodesanpedro.com.ar\/sitio\/wp-content\/uploads\/2022\/05\/WhatsApp-Image-2022-05-19-at-12.47.55-PM.jpeg\" alt=\"\" class=\"wp-image-107168 lazyload\" data-srcset=\"https:\/\/eldiariodesanpedro.com.ar\/sitio\/wp-content\/uploads\/2022\/05\/WhatsApp-Image-2022-05-19-at-12.47.55-PM.jpeg 630w, https:\/\/eldiariodesanpedro.com.ar\/sitio\/wp-content\/uploads\/2022\/05\/WhatsApp-Image-2022-05-19-at-12.47.55-PM-300x300.jpeg 300w, https:\/\/eldiariodesanpedro.com.ar\/sitio\/wp-content\/uploads\/2022\/05\/WhatsApp-Image-2022-05-19-at-12.47.55-PM-150x150.jpeg 150w\" data-sizes=\"(max-width: 630px) 100vw, 630px\" src=\"data:image\/svg+xml;base64,PHN2ZyB3aWR0aD0iMSIgaGVpZ2h0PSIxIiB4bWxucz0iaHR0cDovL3d3dy53My5vcmcvMjAwMC9zdmciPjwvc3ZnPg==\" style=\"--smush-placeholder-width: 630px; --smush-placeholder-aspect-ratio: 630\/630;\" \/><\/figure>\n","protected":false},"excerpt":{"rendered":"<p>El Secretario de Salud Dr. Pablo Piquioni y el Director de Atenci\u00f3n Primaria Dr. Gabriel Sayago participaron esta ma\u00f1ana del lanzamiento del Plan Provincial de Hipertensi\u00f3n Arterial, impulsado desde el Ministerio de Salud de la Provincia de Buenos Aires. En un acto organizado en Ensenada y con la presencia del Ministro Nicol\u00e1s Kreplac, integrantes de [&hellip;]<\/p>\n","protected":false},"author":4,"featured_media":107167,"comment_status":"closed","ping_status":"closed","sticky":false,"template":"","format":"standard","meta":{"om_disable_all_campaigns":false,"_jetpack_memberships_contains_paid_content":false,"footnotes":""},"categories":[50,101,2],"tags":[197,696,33,19],"class_list":["post-107166","post","type-post","status-publish","format-standard","has-post-thumbnail","hentry","category-destacadas","category-interes-general-locales","category-locales","tag-buenos-aires","tag-interes-general","tag-locales","tag-san-pedro"],"aioseo_notices":[],"gutentor_comment":0,"jetpack_featured_media_url":"https:\/\/eldiariodesanpedro.com.ar\/sitio\/wp-content\/uploads\/2022\/05\/WhatsApp-Image-2022-05-19-at-12.47.54-PM.jpeg","jetpack_shortlink":"https:\/\/wp.me\/p6RhLt-rSu","jetpack_sharing_enabled":true,"_links":{"self":[{"href":"https:\/\/eldiariodesanpedro.com.ar\/sitio\/wp-json\/wp\/v2\/posts\/107166","targetHints":{"allow":["GET"]}}],"collection":[{"href":"https:\/\/eldiariodesanpedro.com.ar\/sitio\/wp-json\/wp\/v2\/posts"}],"about":[{"href":"https:\/\/eldiariodesanpedro.com.ar\/sitio\/wp-json\/wp\/v2\/types\/post"}],"author":[{"embeddable":true,"href":"https:\/\/eldiariodesanpedro.com.ar\/sitio\/wp-json\/wp\/v2\/users\/4"}],"replies":[{"embeddable":true,"href":"https:\/\/eldiariodesanpedro.com.ar\/sitio\/wp-json\/wp\/v2\/comments?post=107166"}],"version-history":[{"count":1,"href":"https:\/\/eldiariodesanpedro.com.ar\/sitio\/wp-json\/wp\/v2\/posts\/107166\/revisions"}],"predecessor-version":[{"id":107169,"href":"https:\/\/eldiariodesanpedro.com.ar\/sitio\/wp-json\/wp\/v2\/posts\/107166\/revisions\/107169"}],"wp:featuredmedia":[{"embeddable":true,"href":"https:\/\/eldiariodesanpedro.com.ar\/sitio\/wp-json\/wp\/v2\/media\/107167"}],"wp:attachment":[{"href":"https:\/\/eldiariodesanpedro.com.ar\/sitio\/wp-json\/wp\/v2\/media?parent=107166"}],"wp:term":[{"taxonomy":"category","embeddable":true,"href":"https:\/\/eldiariodesanpedro.com.ar\/sitio\/wp-json\/wp\/v2\/categories?post=107166"},{"taxonomy":"post_tag","embeddable":true,"href":"https:\/\/eldiariodesanpedro.com.ar\/sitio\/wp-json\/wp\/v2\/tags?post=107166"}],"curies":[{"name":"wp","href":"https:\/\/api.w.org\/{rel}","templated":true}]}}