{"id":107164,"date":"2022-05-19T17:29:24","date_gmt":"2022-05-19T20:29:24","guid":{"rendered":"https:\/\/eldiariodesanpedro.com.ar\/sitio\/?p=107164"},"modified":"2022-05-19T17:29:25","modified_gmt":"2022-05-19T20:29:25","slug":"cuarta-ola-de-covid-testean-en-el-hospital-y-los-centros-de-salud","status":"publish","type":"post","link":"https:\/\/eldiariodesanpedro.com.ar\/sitio\/cuarta-ola-de-covid-testean-en-el-hospital-y-los-centros-de-salud\/","title":{"rendered":"Cuarta Ola de Covid: Testean en el Hospital y los centros de salud"},"content":{"rendered":"<!-- VideographyWP Plugin Message: Automatic video embedding prevented by plugin options. -->\n\n<p>La Secretar\u00eda de Salud de la Municipalidad de San Pedro informa que se ha coordinado un nuevo operativo de testeos de Covid-19.<\/p>\n\n\n\n<p>Ante la detecci\u00f3n de una cuarta ola y casos positivos, se ha dispuesto un diagrama descentralizado que facilitar\u00e1 el diagn\u00f3stico a trav\u00e9s de una estrategia territorial.<\/p>\n\n\n\n<p>Adem\u00e1s, desde hoy, quienes presenten s\u00edntomas compatibles con la enfermedad pueden acercarse a los centros de salud Arco Iris, 1\u00ba de mayo, Depietri, Los Aromos, La Tosquera, Doyle y R\u00edo Tala, a los hospitales de Santa Luc\u00eda y Gobernador Castro y al Hospital Emilio Ruffa.<\/p>\n\n\n\n<p>El vacunatorio que funciona en el Club de Jubilados contin\u00faa aplicando las dosis pendientes a quienes no hayan completado el esquema, hasta el 31 de mayo de lunes s\u00e1bados de 9 a 18:30 y desde el 1\u00ba de junio de lunes a s\u00e1bados de 8:30 a 18:30 hs.<\/p>\n\n\n\n<p>Quienes deseen realizar consultas pueden hacerlo llamando al whatsapp al 3329-317575 o e-mail a <a href=\"mailto:vacunatesanpedro@gmail.com\">vacunatesanpedro@gmail.com<\/a><\/p>\n\n\n\n<p>Es muy importante contener el efecto de esta nueva ola, manteniendo las medidas preventivas en espacios cerrados y completando la vacunaci\u00f3n.<\/p>\n","protected":false},"excerpt":{"rendered":"<p>La Secretar\u00eda de Salud de la Municipalidad de San Pedro informa que se ha coordinado un nuevo operativo de testeos de Covid-19. Ante la detecci\u00f3n de una cuarta ola y casos positivos, se ha dispuesto un diagrama descentralizado que facilitar\u00e1 el diagn\u00f3stico a trav\u00e9s de una estrategia territorial. Adem\u00e1s, desde hoy, quienes presenten s\u00edntomas compatibles [&hellip;]<\/p>\n","protected":false},"author":4,"featured_media":96552,"comment_status":"closed","ping_status":"closed","sticky":false,"template":"","format":"standard","meta":{"om_disable_all_campaigns":false,"_jetpack_memberships_contains_paid_content":false,"footnotes":""},"categories":[50,101,2],"tags":[197,696,33,19],"class_list":["post-107164","post","type-post","status-publish","format-standard","has-post-thumbnail","hentry","category-destacadas","category-interes-general-locales","category-locales","tag-buenos-aires","tag-interes-general","tag-locales","tag-san-pedro"],"aioseo_notices":[],"gutentor_comment":0,"jetpack_featured_media_url":"https:\/\/eldiariodesanpedro.com.ar\/sitio\/wp-content\/uploads\/2021\/07\/GettyImages-1215686778-e1592261832609.jpg","jetpack_shortlink":"https:\/\/wp.me\/p6RhLt-rSs","jetpack_sharing_enabled":true,"_links":{"self":[{"href":"https:\/\/eldiariodesanpedro.com.ar\/sitio\/wp-json\/wp\/v2\/posts\/107164","targetHints":{"allow":["GET"]}}],"collection":[{"href":"https:\/\/eldiariodesanpedro.com.ar\/sitio\/wp-json\/wp\/v2\/posts"}],"about":[{"href":"https:\/\/eldiariodesanpedro.com.ar\/sitio\/wp-json\/wp\/v2\/types\/post"}],"author":[{"embeddable":true,"href":"https:\/\/eldiariodesanpedro.com.ar\/sitio\/wp-json\/wp\/v2\/users\/4"}],"replies":[{"embeddable":true,"href":"https:\/\/eldiariodesanpedro.com.ar\/sitio\/wp-json\/wp\/v2\/comments?post=107164"}],"version-history":[{"count":1,"href":"https:\/\/eldiariodesanpedro.com.ar\/sitio\/wp-json\/wp\/v2\/posts\/107164\/revisions"}],"predecessor-version":[{"id":107165,"href":"https:\/\/eldiariodesanpedro.com.ar\/sitio\/wp-json\/wp\/v2\/posts\/107164\/revisions\/107165"}],"wp:featuredmedia":[{"embeddable":true,"href":"https:\/\/eldiariodesanpedro.com.ar\/sitio\/wp-json\/wp\/v2\/media\/96552"}],"wp:attachment":[{"href":"https:\/\/eldiariodesanpedro.com.ar\/sitio\/wp-json\/wp\/v2\/media?parent=107164"}],"wp:term":[{"taxonomy":"category","embeddable":true,"href":"https:\/\/eldiariodesanpedro.com.ar\/sitio\/wp-json\/wp\/v2\/categories?post=107164"},{"taxonomy":"post_tag","embeddable":true,"href":"https:\/\/eldiariodesanpedro.com.ar\/sitio\/wp-json\/wp\/v2\/tags?post=107164"}],"curies":[{"name":"wp","href":"https:\/\/api.w.org\/{rel}","templated":true}]}}