{"id":107158,"date":"2022-05-19T17:15:16","date_gmt":"2022-05-19T20:15:16","guid":{"rendered":"https:\/\/eldiariodesanpedro.com.ar\/sitio\/?p=107158"},"modified":"2022-05-19T17:15:17","modified_gmt":"2022-05-19T20:15:17","slug":"un-albanil-se-cayo-de-un-segundo-piso-de-una-construccion","status":"publish","type":"post","link":"https:\/\/eldiariodesanpedro.com.ar\/sitio\/un-albanil-se-cayo-de-un-segundo-piso-de-una-construccion\/","title":{"rendered":"Un alba\u00f1il se cay\u00f3 de un segundo piso de una construcci\u00f3n"},"content":{"rendered":"<!-- VideographyWP Plugin Message: Automatic video embedding prevented by plugin options. -->\n\n<p>El hecho ocurri\u00f3 esta ma\u00f1ana en una obra ubicada en calle Moises novillo al 1100 donde un ciudadano que se encontraba trabajando por razones que se trata de establecer pierde estabilidad y cae desde la altura.<br>En el lugar se hizo presente una ambulancia del SAME para trasladarlo al nosocomio local donde se determin\u00f3 que a pesar de estar consciente el hombre sufri\u00f3 fracturas en unas de sus extremidades.<\/p>\n","protected":false},"excerpt":{"rendered":"<p>El hecho ocurri\u00f3 esta ma\u00f1ana en una obra ubicada en calle Moises novillo al 1100 donde un ciudadano que se encontraba trabajando por razones que se trata de establecer pierde estabilidad y cae desde la altura.En el lugar se hizo presente una ambulancia del SAME para trasladarlo al nosocomio local donde se determin\u00f3 que a [&hellip;]<\/p>\n","protected":false},"author":4,"featured_media":107159,"comment_status":"closed","ping_status":"closed","sticky":false,"template":"","format":"standard","meta":{"om_disable_all_campaigns":false,"_jetpack_memberships_contains_paid_content":false,"footnotes":""},"categories":[50,2,103],"tags":[197,33,95,19],"class_list":["post-107158","post","type-post","status-publish","format-standard","has-post-thumbnail","hentry","category-destacadas","category-locales","category-policiales-locales","tag-buenos-aires","tag-locales","tag-policiales","tag-san-pedro"],"aioseo_notices":[],"gutentor_comment":0,"jetpack_featured_media_url":"https:\/\/eldiariodesanpedro.com.ar\/sitio\/wp-content\/uploads\/2022\/05\/WhatsApp-Image-2022-05-19-at-10.09.59-AM.jpeg","jetpack_shortlink":"https:\/\/wp.me\/p6RhLt-rSm","jetpack_sharing_enabled":true,"_links":{"self":[{"href":"https:\/\/eldiariodesanpedro.com.ar\/sitio\/wp-json\/wp\/v2\/posts\/107158","targetHints":{"allow":["GET"]}}],"collection":[{"href":"https:\/\/eldiariodesanpedro.com.ar\/sitio\/wp-json\/wp\/v2\/posts"}],"about":[{"href":"https:\/\/eldiariodesanpedro.com.ar\/sitio\/wp-json\/wp\/v2\/types\/post"}],"author":[{"embeddable":true,"href":"https:\/\/eldiariodesanpedro.com.ar\/sitio\/wp-json\/wp\/v2\/users\/4"}],"replies":[{"embeddable":true,"href":"https:\/\/eldiariodesanpedro.com.ar\/sitio\/wp-json\/wp\/v2\/comments?post=107158"}],"version-history":[{"count":1,"href":"https:\/\/eldiariodesanpedro.com.ar\/sitio\/wp-json\/wp\/v2\/posts\/107158\/revisions"}],"predecessor-version":[{"id":107160,"href":"https:\/\/eldiariodesanpedro.com.ar\/sitio\/wp-json\/wp\/v2\/posts\/107158\/revisions\/107160"}],"wp:featuredmedia":[{"embeddable":true,"href":"https:\/\/eldiariodesanpedro.com.ar\/sitio\/wp-json\/wp\/v2\/media\/107159"}],"wp:attachment":[{"href":"https:\/\/eldiariodesanpedro.com.ar\/sitio\/wp-json\/wp\/v2\/media?parent=107158"}],"wp:term":[{"taxonomy":"category","embeddable":true,"href":"https:\/\/eldiariodesanpedro.com.ar\/sitio\/wp-json\/wp\/v2\/categories?post=107158"},{"taxonomy":"post_tag","embeddable":true,"href":"https:\/\/eldiariodesanpedro.com.ar\/sitio\/wp-json\/wp\/v2\/tags?post=107158"}],"curies":[{"name":"wp","href":"https:\/\/api.w.org\/{rel}","templated":true}]}}