{"id":107147,"date":"2022-05-19T16:53:29","date_gmt":"2022-05-19T19:53:29","guid":{"rendered":"https:\/\/eldiariodesanpedro.com.ar\/sitio\/?p=107147"},"modified":"2022-05-19T16:53:30","modified_gmt":"2022-05-19T19:53:30","slug":"choque-pelea-y-secuestro-de-una-motocicleta-este-mediodia","status":"publish","type":"post","link":"https:\/\/eldiariodesanpedro.com.ar\/sitio\/choque-pelea-y-secuestro-de-una-motocicleta-este-mediodia\/","title":{"rendered":"Choque, pelea y secuestro de una motocicleta este mediod\u00eda"},"content":{"rendered":"<!-- VideographyWP Plugin Message: Automatic video embedding prevented by plugin options. -->\n\n<p>Pasado el mediod\u00eda de este jueves ocurri\u00f3 un accidente de tr\u00e1nsito en donde un motoquero impact\u00f3 de lleno contra una camioneta conducido por Daniel Monfasani ex concejal quien sufri\u00f3 heridas leves por la explosi\u00f3n de vidrio lateral.<br>El hecho tuvo lugar pasadas las 12 del mediod\u00eda en la esquina de 3 de Febrero y Nuestra Se\u00f1ora del Socorro donde una camioneta Toyota Hilux color gris cruzaba la avenida es impactada por una motocicleta 125 cc conducida por un joven mayor de edad.<br>Seg\u00fan la versi\u00f3n del Monfasani iba cruzando la calle cuando la motocicleta que circulaba a gran velocidad impact\u00f3 de lleno sobre la puerta del conductor golpeando con la cabeza la ventanilla la cual revent\u00f3 inmediatamente.<br>Afortunadamente el mensajero llevaba casco y no sufri\u00f3 heridas, aunque se hizo presente la ambulancia del SAME no fue necesario el traslado de ninguno de los dos masculinos.<br>De cualquier manera tras el impacto se produjo una gresca entre los dos accidentados ya que el mensajero quiso retirar la moto del lugar y Monfasani trato de evitarlo, por lo que el joven reaccion\u00f3 provocando golpes de pu\u00f1o siendo necesaria la intervenci\u00f3n de los efectivos e inspectores de tr\u00e1nsito.<\/p>\n\n\n\n<figure class=\"wp-block-image size-large\"><img decoding=\"async\" width=\"1024\" height=\"576\" data-attachment-id=\"107150\" data-permalink=\"https:\/\/eldiariodesanpedro.com.ar\/sitio\/choque-pelea-y-secuestro-de-una-motocicleta-este-mediodia\/whatsapp-image-2022-05-19-at-12-46-02-2-pm\/\" data-orig-file=\"https:\/\/eldiariodesanpedro.com.ar\/sitio\/wp-content\/uploads\/2022\/05\/WhatsApp-Image-2022-05-19-at-12.46.02-2-PM.jpeg\" data-orig-size=\"1120,630\" data-comments-opened=\"0\" data-image-meta=\"{&quot;aperture&quot;:&quot;0&quot;,&quot;credit&quot;:&quot;&quot;,&quot;camera&quot;:&quot;&quot;,&quot;caption&quot;:&quot;&quot;,&quot;created_timestamp&quot;:&quot;0&quot;,&quot;copyright&quot;:&quot;&quot;,&quot;focal_length&quot;:&quot;0&quot;,&quot;iso&quot;:&quot;0&quot;,&quot;shutter_speed&quot;:&quot;0&quot;,&quot;title&quot;:&quot;&quot;,&quot;orientation&quot;:&quot;0&quot;}\" data-image-title=\"WhatsApp Image 2022-05-19 at 12.46.02 2 PM\" data-image-description=\"\" data-image-caption=\"\" data-large-file=\"https:\/\/eldiariodesanpedro.com.ar\/sitio\/wp-content\/uploads\/2022\/05\/WhatsApp-Image-2022-05-19-at-12.46.02-2-PM-1024x576.jpeg\" data-src=\"https:\/\/eldiariodesanpedro.com.ar\/sitio\/wp-content\/uploads\/2022\/05\/WhatsApp-Image-2022-05-19-at-12.46.02-2-PM-1024x576.jpeg\" alt=\"\" class=\"wp-image-107150 lazyload\" data-srcset=\"https:\/\/eldiariodesanpedro.com.ar\/sitio\/wp-content\/uploads\/2022\/05\/WhatsApp-Image-2022-05-19-at-12.46.02-2-PM-1024x576.jpeg 1024w, https:\/\/eldiariodesanpedro.com.ar\/sitio\/wp-content\/uploads\/2022\/05\/WhatsApp-Image-2022-05-19-at-12.46.02-2-PM-300x169.jpeg 300w, https:\/\/eldiariodesanpedro.com.ar\/sitio\/wp-content\/uploads\/2022\/05\/WhatsApp-Image-2022-05-19-at-12.46.02-2-PM-768x432.jpeg 768w, https:\/\/eldiariodesanpedro.com.ar\/sitio\/wp-content\/uploads\/2022\/05\/WhatsApp-Image-2022-05-19-at-12.46.02-2-PM.jpeg 1120w\" data-sizes=\"(max-width: 1024px) 100vw, 1024px\" src=\"data:image\/svg+xml;base64,PHN2ZyB3aWR0aD0iMSIgaGVpZ2h0PSIxIiB4bWxucz0iaHR0cDovL3d3dy53My5vcmcvMjAwMC9zdmciPjwvc3ZnPg==\" style=\"--smush-placeholder-width: 1024px; --smush-placeholder-aspect-ratio: 1024\/576;\" \/><\/figure>\n\n\n\n<figure class=\"wp-block-image size-large\"><img decoding=\"async\" width=\"1024\" height=\"576\" data-attachment-id=\"107151\" data-permalink=\"https:\/\/eldiariodesanpedro.com.ar\/sitio\/choque-pelea-y-secuestro-de-una-motocicleta-este-mediodia\/whatsapp-image-2022-05-19-at-12-46-02-pm\/\" data-orig-file=\"https:\/\/eldiariodesanpedro.com.ar\/sitio\/wp-content\/uploads\/2022\/05\/WhatsApp-Image-2022-05-19-at-12.46.02-PM.jpeg\" data-orig-size=\"1120,630\" data-comments-opened=\"0\" data-image-meta=\"{&quot;aperture&quot;:&quot;0&quot;,&quot;credit&quot;:&quot;&quot;,&quot;camera&quot;:&quot;&quot;,&quot;caption&quot;:&quot;&quot;,&quot;created_timestamp&quot;:&quot;0&quot;,&quot;copyright&quot;:&quot;&quot;,&quot;focal_length&quot;:&quot;0&quot;,&quot;iso&quot;:&quot;0&quot;,&quot;shutter_speed&quot;:&quot;0&quot;,&quot;title&quot;:&quot;&quot;,&quot;orientation&quot;:&quot;0&quot;}\" data-image-title=\"WhatsApp Image 2022-05-19 at 12.46.02 PM\" data-image-description=\"\" data-image-caption=\"\" data-large-file=\"https:\/\/eldiariodesanpedro.com.ar\/sitio\/wp-content\/uploads\/2022\/05\/WhatsApp-Image-2022-05-19-at-12.46.02-PM-1024x576.jpeg\" data-src=\"https:\/\/eldiariodesanpedro.com.ar\/sitio\/wp-content\/uploads\/2022\/05\/WhatsApp-Image-2022-05-19-at-12.46.02-PM-1024x576.jpeg\" alt=\"\" class=\"wp-image-107151 lazyload\" data-srcset=\"https:\/\/eldiariodesanpedro.com.ar\/sitio\/wp-content\/uploads\/2022\/05\/WhatsApp-Image-2022-05-19-at-12.46.02-PM-1024x576.jpeg 1024w, https:\/\/eldiariodesanpedro.com.ar\/sitio\/wp-content\/uploads\/2022\/05\/WhatsApp-Image-2022-05-19-at-12.46.02-PM-300x169.jpeg 300w, https:\/\/eldiariodesanpedro.com.ar\/sitio\/wp-content\/uploads\/2022\/05\/WhatsApp-Image-2022-05-19-at-12.46.02-PM-768x432.jpeg 768w, https:\/\/eldiariodesanpedro.com.ar\/sitio\/wp-content\/uploads\/2022\/05\/WhatsApp-Image-2022-05-19-at-12.46.02-PM.jpeg 1120w\" data-sizes=\"(max-width: 1024px) 100vw, 1024px\" src=\"data:image\/svg+xml;base64,PHN2ZyB3aWR0aD0iMSIgaGVpZ2h0PSIxIiB4bWxucz0iaHR0cDovL3d3dy53My5vcmcvMjAwMC9zdmciPjwvc3ZnPg==\" style=\"--smush-placeholder-width: 1024px; --smush-placeholder-aspect-ratio: 1024\/576;\" \/><\/figure>\n","protected":false},"excerpt":{"rendered":"<p>Pasado el mediod\u00eda de este jueves ocurri\u00f3 un accidente de tr\u00e1nsito en donde un motoquero impact\u00f3 de lleno contra una camioneta conducido por Daniel Monfasani ex concejal quien sufri\u00f3 heridas leves por la explosi\u00f3n de vidrio lateral.El hecho tuvo lugar pasadas las 12 del mediod\u00eda en la esquina de 3 de Febrero y Nuestra Se\u00f1ora [&hellip;]<\/p>\n","protected":false},"author":4,"featured_media":107149,"comment_status":"closed","ping_status":"closed","sticky":false,"template":"","format":"standard","meta":{"om_disable_all_campaigns":false,"_jetpack_memberships_contains_paid_content":false,"footnotes":""},"categories":[50,2,103],"tags":[197,33,95,19],"class_list":["post-107147","post","type-post","status-publish","format-standard","has-post-thumbnail","hentry","category-destacadas","category-locales","category-policiales-locales","tag-buenos-aires","tag-locales","tag-policiales","tag-san-pedro"],"aioseo_notices":[],"gutentor_comment":0,"jetpack_featured_media_url":"https:\/\/eldiariodesanpedro.com.ar\/sitio\/wp-content\/uploads\/2022\/05\/WhatsApp-Image-2022-05-19-at-12.46.01-PM.jpeg","jetpack_shortlink":"https:\/\/wp.me\/p6RhLt-rSb","jetpack_sharing_enabled":true,"_links":{"self":[{"href":"https:\/\/eldiariodesanpedro.com.ar\/sitio\/wp-json\/wp\/v2\/posts\/107147","targetHints":{"allow":["GET"]}}],"collection":[{"href":"https:\/\/eldiariodesanpedro.com.ar\/sitio\/wp-json\/wp\/v2\/posts"}],"about":[{"href":"https:\/\/eldiariodesanpedro.com.ar\/sitio\/wp-json\/wp\/v2\/types\/post"}],"author":[{"embeddable":true,"href":"https:\/\/eldiariodesanpedro.com.ar\/sitio\/wp-json\/wp\/v2\/users\/4"}],"replies":[{"embeddable":true,"href":"https:\/\/eldiariodesanpedro.com.ar\/sitio\/wp-json\/wp\/v2\/comments?post=107147"}],"version-history":[{"count":1,"href":"https:\/\/eldiariodesanpedro.com.ar\/sitio\/wp-json\/wp\/v2\/posts\/107147\/revisions"}],"predecessor-version":[{"id":107152,"href":"https:\/\/eldiariodesanpedro.com.ar\/sitio\/wp-json\/wp\/v2\/posts\/107147\/revisions\/107152"}],"wp:featuredmedia":[{"embeddable":true,"href":"https:\/\/eldiariodesanpedro.com.ar\/sitio\/wp-json\/wp\/v2\/media\/107149"}],"wp:attachment":[{"href":"https:\/\/eldiariodesanpedro.com.ar\/sitio\/wp-json\/wp\/v2\/media?parent=107147"}],"wp:term":[{"taxonomy":"category","embeddable":true,"href":"https:\/\/eldiariodesanpedro.com.ar\/sitio\/wp-json\/wp\/v2\/categories?post=107147"},{"taxonomy":"post_tag","embeddable":true,"href":"https:\/\/eldiariodesanpedro.com.ar\/sitio\/wp-json\/wp\/v2\/tags?post=107147"}],"curies":[{"name":"wp","href":"https:\/\/api.w.org\/{rel}","templated":true}]}}