{"id":107145,"date":"2022-05-19T16:20:18","date_gmt":"2022-05-19T19:20:18","guid":{"rendered":"https:\/\/eldiariodesanpedro.com.ar\/sitio\/?p=107145"},"modified":"2022-05-19T16:20:19","modified_gmt":"2022-05-19T19:20:19","slug":"violencia-de-genero-un-ciudadano-denuncio-ser-agredido-por-su-pareja","status":"publish","type":"post","link":"https:\/\/eldiariodesanpedro.com.ar\/sitio\/violencia-de-genero-un-ciudadano-denuncio-ser-agredido-por-su-pareja\/","title":{"rendered":"Violencia de genero:  un ciudadano denuncio ser agredido por su pareja"},"content":{"rendered":"<!-- VideographyWP Plugin Message: Automatic video embedding prevented by plugin options. -->\n\n<p>Este jueves un ciudadano de 29 a\u00f1os denunci\u00f3 en la comisar\u00eda que pasadas las 00 hs hoy, interior su domicilio sito Molina al 300 mantuvo discusi\u00f3n con su pareja una joven de 29 a\u00f1os quien lo increp\u00f3 con arma blanca y arroj\u00f3 objetos hacia su humanidad da\u00f1andolos,&nbsp; resultando lesionado con lesiones leves, posteriormente al retirarse le informan de da\u00f1os en su vivienda producidas por vecinos ra\u00edz mismo conflicto que intercedieron en defensa de la mujer.&nbsp;<\/p>\n\n\n\n<p>En el tumulto un hermano del denunciante masculino de 25 a\u00f1os que se encontraba en el lugar result\u00f3 lesionado levemente en la frente.\u00a0<\/p>\n\n\n\n<p>Intervino la comisar\u00eda de la Mujer y la Familia donde se radic\u00f3 la denuncia y el ciudadano fue asistido por la Secretar\u00eda de Violencia de G\u00e9nero.<\/p>\n","protected":false},"excerpt":{"rendered":"<p>Este jueves un ciudadano de 29 a\u00f1os denunci\u00f3 en la comisar\u00eda que pasadas las 00 hs hoy, interior su domicilio sito Molina al 300 mantuvo discusi\u00f3n con su pareja una joven de 29 a\u00f1os quien lo increp\u00f3 con arma blanca y arroj\u00f3 objetos hacia su humanidad da\u00f1andolos,&nbsp; resultando lesionado con lesiones leves, posteriormente al retirarse [&hellip;]<\/p>\n","protected":false},"author":4,"featured_media":64469,"comment_status":"closed","ping_status":"closed","sticky":false,"template":"","format":"standard","meta":{"om_disable_all_campaigns":false,"_jetpack_memberships_contains_paid_content":false,"footnotes":""},"categories":[50,2,103],"tags":[197,33,95,19],"class_list":["post-107145","post","type-post","status-publish","format-standard","has-post-thumbnail","hentry","category-destacadas","category-locales","category-policiales-locales","tag-buenos-aires","tag-locales","tag-policiales","tag-san-pedro"],"aioseo_notices":[],"gutentor_comment":0,"jetpack_featured_media_url":"https:\/\/eldiariodesanpedro.com.ar\/sitio\/wp-content\/uploads\/2019\/11\/Comisar\u00eda-de-la-mujer-cartel.jpg","jetpack_shortlink":"https:\/\/wp.me\/p6RhLt-rS9","jetpack_sharing_enabled":true,"_links":{"self":[{"href":"https:\/\/eldiariodesanpedro.com.ar\/sitio\/wp-json\/wp\/v2\/posts\/107145","targetHints":{"allow":["GET"]}}],"collection":[{"href":"https:\/\/eldiariodesanpedro.com.ar\/sitio\/wp-json\/wp\/v2\/posts"}],"about":[{"href":"https:\/\/eldiariodesanpedro.com.ar\/sitio\/wp-json\/wp\/v2\/types\/post"}],"author":[{"embeddable":true,"href":"https:\/\/eldiariodesanpedro.com.ar\/sitio\/wp-json\/wp\/v2\/users\/4"}],"replies":[{"embeddable":true,"href":"https:\/\/eldiariodesanpedro.com.ar\/sitio\/wp-json\/wp\/v2\/comments?post=107145"}],"version-history":[{"count":1,"href":"https:\/\/eldiariodesanpedro.com.ar\/sitio\/wp-json\/wp\/v2\/posts\/107145\/revisions"}],"predecessor-version":[{"id":107146,"href":"https:\/\/eldiariodesanpedro.com.ar\/sitio\/wp-json\/wp\/v2\/posts\/107145\/revisions\/107146"}],"wp:featuredmedia":[{"embeddable":true,"href":"https:\/\/eldiariodesanpedro.com.ar\/sitio\/wp-json\/wp\/v2\/media\/64469"}],"wp:attachment":[{"href":"https:\/\/eldiariodesanpedro.com.ar\/sitio\/wp-json\/wp\/v2\/media?parent=107145"}],"wp:term":[{"taxonomy":"category","embeddable":true,"href":"https:\/\/eldiariodesanpedro.com.ar\/sitio\/wp-json\/wp\/v2\/categories?post=107145"},{"taxonomy":"post_tag","embeddable":true,"href":"https:\/\/eldiariodesanpedro.com.ar\/sitio\/wp-json\/wp\/v2\/tags?post=107145"}],"curies":[{"name":"wp","href":"https:\/\/api.w.org\/{rel}","templated":true}]}}