{"id":107140,"date":"2022-05-19T12:06:01","date_gmt":"2022-05-19T15:06:01","guid":{"rendered":"https:\/\/eldiariodesanpedro.com.ar\/sitio\/?p=107140"},"modified":"2022-05-19T12:06:02","modified_gmt":"2022-05-19T15:06:02","slug":"se-recupero-un-televisor-que-un-hijo-le-robo-a-su-madre","status":"publish","type":"post","link":"https:\/\/eldiariodesanpedro.com.ar\/sitio\/se-recupero-un-televisor-que-un-hijo-le-robo-a-su-madre\/","title":{"rendered":"Se recuper\u00f3 un televisor que un hijo le robo a su madre"},"content":{"rendered":"<!-- VideographyWP Plugin Message: Automatic video embedding prevented by plugin options. -->\n\n<p>En la tarde de ayer personal del Gabinete criminol\u00f3gico de la comisar\u00eda junto a comisaria mujer loca,&nbsp; diligenciaron senda orden de allanamiento extendida por la justicia ordinaria en el marco de causa judicial car\u00e1tulas robo iniciado en la Comisar\u00eda de la Mujer&nbsp; local.&nbsp;<\/p>\n\n\n\n<p>El operativo se di\u00f3 en un domicilio de Obligado al 3100 d\u00f3nde se procedi\u00f3 al secuestr\u00f3 de un televisor que se buscaba.&nbsp;<\/p>\n\n\n\n<p>Respecto del Morador ciudadano de 27 a\u00f1os fue trasladado a sede policial para cumplimentar recaudos legales quedando imputado del delito enunciado.<\/p>\n","protected":false},"excerpt":{"rendered":"<p>En la tarde de ayer personal del Gabinete criminol\u00f3gico de la comisar\u00eda junto a comisaria mujer loca,&nbsp; diligenciaron senda orden de allanamiento extendida por la justicia ordinaria en el marco de causa judicial car\u00e1tulas robo iniciado en la Comisar\u00eda de la Mujer&nbsp; local.&nbsp; El operativo se di\u00f3 en un domicilio de Obligado al 3100 d\u00f3nde [&hellip;]<\/p>\n","protected":false},"author":4,"featured_media":107141,"comment_status":"closed","ping_status":"closed","sticky":false,"template":"","format":"standard","meta":{"om_disable_all_campaigns":false,"_jetpack_memberships_contains_paid_content":false,"footnotes":""},"categories":[50,2,103],"tags":[197,33,95,19],"class_list":["post-107140","post","type-post","status-publish","format-standard","has-post-thumbnail","hentry","category-destacadas","category-locales","category-policiales-locales","tag-buenos-aires","tag-locales","tag-policiales","tag-san-pedro"],"aioseo_notices":[],"gutentor_comment":0,"jetpack_featured_media_url":"https:\/\/eldiariodesanpedro.com.ar\/sitio\/wp-content\/uploads\/2022\/05\/WhatsApp-Image-2022-05-19-at-9.51.58-AM.jpeg","jetpack_shortlink":"https:\/\/wp.me\/p6RhLt-rS4","jetpack_sharing_enabled":true,"_links":{"self":[{"href":"https:\/\/eldiariodesanpedro.com.ar\/sitio\/wp-json\/wp\/v2\/posts\/107140","targetHints":{"allow":["GET"]}}],"collection":[{"href":"https:\/\/eldiariodesanpedro.com.ar\/sitio\/wp-json\/wp\/v2\/posts"}],"about":[{"href":"https:\/\/eldiariodesanpedro.com.ar\/sitio\/wp-json\/wp\/v2\/types\/post"}],"author":[{"embeddable":true,"href":"https:\/\/eldiariodesanpedro.com.ar\/sitio\/wp-json\/wp\/v2\/users\/4"}],"replies":[{"embeddable":true,"href":"https:\/\/eldiariodesanpedro.com.ar\/sitio\/wp-json\/wp\/v2\/comments?post=107140"}],"version-history":[{"count":1,"href":"https:\/\/eldiariodesanpedro.com.ar\/sitio\/wp-json\/wp\/v2\/posts\/107140\/revisions"}],"predecessor-version":[{"id":107142,"href":"https:\/\/eldiariodesanpedro.com.ar\/sitio\/wp-json\/wp\/v2\/posts\/107140\/revisions\/107142"}],"wp:featuredmedia":[{"embeddable":true,"href":"https:\/\/eldiariodesanpedro.com.ar\/sitio\/wp-json\/wp\/v2\/media\/107141"}],"wp:attachment":[{"href":"https:\/\/eldiariodesanpedro.com.ar\/sitio\/wp-json\/wp\/v2\/media?parent=107140"}],"wp:term":[{"taxonomy":"category","embeddable":true,"href":"https:\/\/eldiariodesanpedro.com.ar\/sitio\/wp-json\/wp\/v2\/categories?post=107140"},{"taxonomy":"post_tag","embeddable":true,"href":"https:\/\/eldiariodesanpedro.com.ar\/sitio\/wp-json\/wp\/v2\/tags?post=107140"}],"curies":[{"name":"wp","href":"https:\/\/api.w.org\/{rel}","templated":true}]}}