{"id":107138,"date":"2022-05-19T11:43:14","date_gmt":"2022-05-19T14:43:14","guid":{"rendered":"https:\/\/eldiariodesanpedro.com.ar\/sitio\/?p=107138"},"modified":"2022-05-19T11:43:14","modified_gmt":"2022-05-19T14:43:14","slug":"se-levanto-el-paro-que-dice-el-acuerdo-entre-la-uta-y-empresarios","status":"publish","type":"post","link":"https:\/\/eldiariodesanpedro.com.ar\/sitio\/se-levanto-el-paro-que-dice-el-acuerdo-entre-la-uta-y-empresarios\/","title":{"rendered":"Se levant\u00f3 el paro: qu\u00e9 dice el acuerdo entre la UTA y empresarios"},"content":{"rendered":"<!-- VideographyWP Plugin Message: Automatic video embedding prevented by plugin options. -->\n\n<p>La UTA levant\u00f3 el paro de 72 horas que ten\u00eda previsto finalizar el d\u00eda viernes. Te contamos en detalle que dice el acuerdo firmado por las partes.<\/p>\n\n\n\n<p>La\u00a0<strong>Uni\u00f3n Tranviarios Automotor (UTA)\u00a0<\/strong>lleg\u00f3 a un acuerdo salarial y levanto el<strong>\u00a0paro\u00a0de\u00a0colectivos\u00a0de 72 horas<\/strong>\u00a0que afect\u00f3 a las jurisdicciones del interior del pa\u00eds y que iba a finalizar el d\u00eda viernes. Te contamos en detalle qu\u00e9 dice el acuerdo que puso fin al conflicto.<\/p>\n\n\n\n<p><strong>En primera instancia se estableci\u00f3 el siguiente incremento en los salarios:<\/strong><\/p>\n\n\n\n<ul class=\"wp-block-list\"><li>&nbsp;Abril 2022: 121 mil pesos<\/li><li>Mayo 2022: 127 mil pesos<\/li><li>Julio 2022: 138 mil pesos<\/li><li>Agosto: 150 mil pesos<\/li><\/ul>\n\n\n\n<p>Estos incrementos deber\u00e1n ser considerados como base y se conservar\u00e1n los aumentos proporcionales en las jurisdicciones en las que los salarios se encuentren sobre los m\u00ednimos ya previstos.<\/p>\n\n\n\n<p>En lo que respecta al salario percibido por el mes de abril,&nbsp;<strong>los trabajadores recibir\u00e1n la diferencia el d\u00eda 25 de mayo a modo de gratificaci\u00f3n<\/strong>&nbsp;no remunerativa, no regular, ni habitual. A la vez se tendr\u00e1 en cuenta la antig\u00fcedad, el presentismo y la diferencia sobre los vi\u00e1ticos.<\/p>\n\n\n\n<p>En cuanto a los vi\u00e1ticos y reintegro de gastos por cada d\u00eda efectivamente trabajado se tomar\u00e1 la escala de porcentajes del salario total, lo que significa que para el mes de abril ser\u00e1n $693, para mayo $727, junio $790 y para el mes de agosto $859.<\/p>\n\n\n\n<p>Por otro lado, acordaron que&nbsp;<strong>durante la primera semana de septiembre se revisar\u00e1n y determinar\u00e1n los salarios de los \u00faltimos cuatro meses del a\u00f1o<\/strong>. Para ello se tendr\u00e1 en cuenta el \u00edndice de precios al consumidor entre los meses de enero y agosto del 2022. De all\u00ed tambi\u00e9n saldr\u00e1 la base salarial para el inicio de la paritaria 2023.<\/p>\n\n\n\n<p>En el acuerdo los firmantes tambi\u00e9n aseguraron que&nbsp;<strong>los trabajadores no recibir\u00e1n descuento alguno por la medida de fuerza implementada<\/strong>&nbsp;el d\u00eda martes y finalizada en las \u00faltimas horas.<\/p>\n\n\n\n<h2 class=\"wp-block-heading\">Igualdad de g\u00e9nero<\/h2>\n\n\n\n<p>Sobre el final, el acuerdo, asegura que&nbsp;<strong>las partes se comprometen a redoblar sus esfuerzos para asegurar el ejercicio de la igualdad de g\u00e9ner<\/strong>o. Para esto, se llevar\u00e1n a cabo acciones que lleven a la igualdad de oportunidades, de trato en el empleo y de ocupaci\u00f3n. As\u00ed mismo se tendr\u00e1 la misma perspectiva a la hora de la selecci\u00f3n y contrataci\u00f3n, al desarrollo y evoluci\u00f3n de la carrera dentro de la empresa.<\/p>\n\n\n\n<p><a href=\"https:\/\/media.infocielo.com\/p\/f3abe9da06f282935d1bf22c941cb333\/adjuntos\/299\/imagenes\/001\/302\/0001302115\/887x0\/smart\/colectivos-mar-del-plata-suba-boletojpg.jpg\"><\/a><\/p>\n","protected":false},"excerpt":{"rendered":"<p>La UTA levant\u00f3 el paro de 72 horas que ten\u00eda previsto finalizar el d\u00eda viernes. Te contamos en detalle que dice el acuerdo firmado por las partes. La\u00a0Uni\u00f3n Tranviarios Automotor (UTA)\u00a0lleg\u00f3 a un acuerdo salarial y levanto el\u00a0paro\u00a0de\u00a0colectivos\u00a0de 72 horas\u00a0que afect\u00f3 a las jurisdicciones del interior del pa\u00eds y que iba a finalizar el d\u00eda [&hellip;]<\/p>\n","protected":false},"author":4,"featured_media":46377,"comment_status":"closed","ping_status":"closed","sticky":false,"template":"","format":"standard","meta":{"om_disable_all_campaigns":false,"_jetpack_memberships_contains_paid_content":false,"footnotes":""},"categories":[101,2],"tags":[197,696,33,19],"class_list":["post-107138","post","type-post","status-publish","format-standard","has-post-thumbnail","hentry","category-interes-general-locales","category-locales","tag-buenos-aires","tag-interes-general","tag-locales","tag-san-pedro"],"aioseo_notices":[],"gutentor_comment":0,"jetpack_featured_media_url":"https:\/\/eldiariodesanpedro.com.ar\/sitio\/wp-content\/uploads\/2019\/01\/no_wbjlvi5c63rdffacoles.jpg","jetpack_shortlink":"https:\/\/wp.me\/p6RhLt-rS2","jetpack_sharing_enabled":true,"_links":{"self":[{"href":"https:\/\/eldiariodesanpedro.com.ar\/sitio\/wp-json\/wp\/v2\/posts\/107138","targetHints":{"allow":["GET"]}}],"collection":[{"href":"https:\/\/eldiariodesanpedro.com.ar\/sitio\/wp-json\/wp\/v2\/posts"}],"about":[{"href":"https:\/\/eldiariodesanpedro.com.ar\/sitio\/wp-json\/wp\/v2\/types\/post"}],"author":[{"embeddable":true,"href":"https:\/\/eldiariodesanpedro.com.ar\/sitio\/wp-json\/wp\/v2\/users\/4"}],"replies":[{"embeddable":true,"href":"https:\/\/eldiariodesanpedro.com.ar\/sitio\/wp-json\/wp\/v2\/comments?post=107138"}],"version-history":[{"count":1,"href":"https:\/\/eldiariodesanpedro.com.ar\/sitio\/wp-json\/wp\/v2\/posts\/107138\/revisions"}],"predecessor-version":[{"id":107139,"href":"https:\/\/eldiariodesanpedro.com.ar\/sitio\/wp-json\/wp\/v2\/posts\/107138\/revisions\/107139"}],"wp:featuredmedia":[{"embeddable":true,"href":"https:\/\/eldiariodesanpedro.com.ar\/sitio\/wp-json\/wp\/v2\/media\/46377"}],"wp:attachment":[{"href":"https:\/\/eldiariodesanpedro.com.ar\/sitio\/wp-json\/wp\/v2\/media?parent=107138"}],"wp:term":[{"taxonomy":"category","embeddable":true,"href":"https:\/\/eldiariodesanpedro.com.ar\/sitio\/wp-json\/wp\/v2\/categories?post=107138"},{"taxonomy":"post_tag","embeddable":true,"href":"https:\/\/eldiariodesanpedro.com.ar\/sitio\/wp-json\/wp\/v2\/tags?post=107138"}],"curies":[{"name":"wp","href":"https:\/\/api.w.org\/{rel}","templated":true}]}}